{"id":31651,"date":"2018-04-15T19:42:37","date_gmt":"2018-04-15T22:42:37","guid":{"rendered":"https:\/\/eldiariodesanpedro.com.ar\/sitio\/?p=31651"},"modified":"2018-04-15T19:42:37","modified_gmt":"2018-04-15T22:42:37","slug":"dos-aprehendidos-tras-atropellar-y-golpear-a-dos-inspectores","status":"publish","type":"post","link":"https:\/\/eldiariodesanpedro.com.ar\/sitio\/dos-aprehendidos-tras-atropellar-y-golpear-a-dos-inspectores\/","title":{"rendered":"Dos aprehendidos tras atropellar y golpear a dos inspectores"},"content":{"rendered":"<p><!-- VideographyWP Plugin Message: Automatic video embedding prevented by plugin options. --><br \/>\nEste s\u00e1bado el personal policial de nuestra ciudad debi\u00f3 intervenir en un hecho ocurrido en calle Auli y Pellegrini donde se aprehendi\u00f3 a dos ciudadanos que agredi\u00f3 a dos inspectores de transito.<\/p>\n<p>En la tarde del s\u00e1bado se aprehendi\u00f3 a dos ciudadano de 21 a\u00f1os quienes momentos antes de ser reducidos hab\u00edan atropellado a dos inspectores una mujer de 39 a\u00f1os y un ciudadano de 26, luego de impactarlos fueron agredidos con golpes de pu\u00f1o por los imputados.<\/p>\n<p>En cuanto a los inspectores presentan lesiones de car\u00e1cter leves, mantenida comunicaci\u00f3n con UFI N\u00b0 11 dispone para con aprehendidos notificaci\u00f3n y alojamiento en la comisaria local, remisi\u00f3n a primera audiencia. El rodado secuestrado y puesto a disposici\u00f3n del tribunal de faltas.<\/p>\n","protected":false},"excerpt":{"rendered":"<p>Este s\u00e1bado el personal policial de nuestra ciudad debi\u00f3 intervenir en un hecho ocurrido en calle Auli y Pellegrini donde se aprehendi\u00f3 a dos ciudadanos que agredi\u00f3 a dos inspectores de transito. En la tarde del s\u00e1bado se aprehendi\u00f3 a dos ciudadano de 21 a\u00f1os quienes momentos antes de ser reducidos hab\u00edan atropellado a dos [&hellip;]<\/p>\n","protected":false},"author":4,"featured_media":17705,"comment_status":"open","ping_status":"closed","sticky":false,"template":"","format":"standard","meta":{"om_disable_all_campaigns":false,"_jetpack_memberships_contains_paid_content":false,"footnotes":""},"categories":[2,103],"tags":[],"class_list":["post-31651","post","type-post","status-publish","format-standard","has-post-thumbnail","hentry","category-locales","category-policiales-locales"],"aioseo_notices":[],"gutentor_comment":0,"jetpack_featured_media_url":"https:\/\/eldiariodesanpedro.com.ar\/sitio\/wp-content\/uploads\/2017\/04\/transito-noche.jpg","jetpack_shortlink":"https:\/\/wp.me\/p6RhLt-8ev","jetpack_sharing_enabled":true,"_links":{"self":[{"href":"https:\/\/eldiariodesanpedro.com.ar\/sitio\/wp-json\/wp\/v2\/posts\/31651","targetHints":{"allow":["GET"]}}],"collection":[{"href":"https:\/\/eldiariodesanpedro.com.ar\/sitio\/wp-json\/wp\/v2\/posts"}],"about":[{"href":"https:\/\/eldiariodesanpedro.com.ar\/sitio\/wp-json\/wp\/v2\/types\/post"}],"author":[{"embeddable":true,"href":"https:\/\/eldiariodesanpedro.com.ar\/sitio\/wp-json\/wp\/v2\/users\/4"}],"replies":[{"embeddable":true,"href":"https:\/\/eldiariodesanpedro.com.ar\/sitio\/wp-json\/wp\/v2\/comments?post=31651"}],"version-history":[{"count":1,"href":"https:\/\/eldiariodesanpedro.com.ar\/sitio\/wp-json\/wp\/v2\/posts\/31651\/revisions"}],"predecessor-version":[{"id":31652,"href":"https:\/\/eldiariodesanpedro.com.ar\/sitio\/wp-json\/wp\/v2\/posts\/31651\/revisions\/31652"}],"wp:featuredmedia":[{"embeddable":true,"href":"https:\/\/eldiariodesanpedro.com.ar\/sitio\/wp-json\/wp\/v2\/media\/17705"}],"wp:attachment":[{"href":"https:\/\/eldiariodesanpedro.com.ar\/sitio\/wp-json\/wp\/v2\/media?parent=31651"}],"wp:term":[{"taxonomy":"category","embeddable":true,"href":"https:\/\/eldiariodesanpedro.com.ar\/sitio\/wp-json\/wp\/v2\/categories?post=31651"},{"taxonomy":"post_tag","embeddable":true,"href":"https:\/\/eldiariodesanpedro.com.ar\/sitio\/wp-json\/wp\/v2\/tags?post=31651"}],"curies":[{"name":"wp","href":"https:\/\/api.w.org\/{rel}","templated":true}]}}