{"id":31635,"date":"2018-04-15T18:17:07","date_gmt":"2018-04-15T21:17:07","guid":{"rendered":"https:\/\/eldiariodesanpedro.com.ar\/sitio\/?p=31635"},"modified":"2018-04-15T18:17:07","modified_gmt":"2018-04-15T21:17:07","slug":"se-celebro-el-15o-aniversario-del-museo-paleontologico-y-anunciaron-un-importante-descubrimiento","status":"publish","type":"post","link":"https:\/\/eldiariodesanpedro.com.ar\/sitio\/se-celebro-el-15o-aniversario-del-museo-paleontologico-y-anunciaron-un-importante-descubrimiento\/","title":{"rendered":"Se celebr\u00f3 el 15\u00ba Aniversario del Museo Paleontol\u00f3gico y anunciaron un importante descubrimiento"},"content":{"rendered":"<p><!-- VideographyWP Plugin Message: Automatic video embedding prevented by plugin options. --><br \/>\nEn la tarde del pasado s\u00e1bado, el Museo Paleontol\u00f3gico de San Pedro celebr\u00f3 su cumplea\u00f1os n\u00famero 15. La creaci\u00f3n del Grupo Conservacionista de F\u00f3siles festej\u00f3 su cumplea\u00f1os con la presencia de numeroso p\u00fablico que colm\u00f3 sus instalaciones.<\/p>\n<p>En el acto oficial se proyect\u00f3 el nuevo video institucional del Museo, con la voz de Fernando Bravo; se realiz\u00f3 un repaso por la tarea realizada desde su inauguraci\u00f3n en 2003; se sortearon libros (del museo y del historiador Fernando Chiodini) entre el p\u00fablico y se ofreci\u00f3 un \u00e1gape para los asistentes al evento. <\/p>\n<p>Tambi\u00e9n se dio lectura a numerosas adhesiones y saludos que llegaron desde diferentes centros de investigaci\u00f3n. Notas desde la Universidad y el Museo de La Plata, el Centro de Ecolog\u00eda de Corrientes, la Asociaci\u00f3n Paleontol\u00f3gica Argentina, el Centro Regional de Investigaciones de La Rioja, el Centro de Estudios Hist\u00f3ricos de la Armada Argentina, el Servicio Geol\u00f3gico Minero Argentino y el Museo de Ciencias Naturales de Madrid (Espa\u00f1a)<\/p>\n<p>En el marco de la celebraci\u00f3n, Jos\u00e9 Luis Aguilar, miembro fundador del Grupo Conservacionista, present\u00f3 los pormenores de un nuevo y relevante hallazgo en el que el equipo estuvo trabajando durante los \u00faltimos 6 meses: una \u00abfamilia\u00bb de armadillos prehist\u00f3ricos que murieron atrapados en un pantano hace unos 600.000 a\u00f1os. En ese punto del evento se descubri\u00f3 una gigantograf\u00eda donde se recrea la escena que se pudo reconstruir con la colaboraci\u00f3n del dibujante Jorge Portaz, bas\u00e1ndose en los datos arrojados por los f\u00f3siles descubiertos. <\/p>\n","protected":false},"excerpt":{"rendered":"<p>En la tarde del pasado s\u00e1bado, el Museo Paleontol\u00f3gico de San Pedro celebr\u00f3 su cumplea\u00f1os n\u00famero 15. La creaci\u00f3n del Grupo Conservacionista de F\u00f3siles festej\u00f3 su cumplea\u00f1os con la presencia de numeroso p\u00fablico que colm\u00f3 sus instalaciones. En el acto oficial se proyect\u00f3 el nuevo video institucional del Museo, con la voz de Fernando Bravo; [&hellip;]<\/p>\n","protected":false},"author":4,"featured_media":31645,"comment_status":"open","ping_status":"closed","sticky":false,"template":"","format":"standard","meta":{"om_disable_all_campaigns":false,"_jetpack_memberships_contains_paid_content":false,"footnotes":""},"categories":[50,101,2],"tags":[],"class_list":["post-31635","post","type-post","status-publish","format-standard","has-post-thumbnail","hentry","category-destacadas","category-interes-general-locales","category-locales"],"aioseo_notices":[],"gutentor_comment":0,"jetpack_featured_media_url":"https:\/\/eldiariodesanpedro.com.ar\/sitio\/wp-content\/uploads\/2018\/04\/IMG-20180414-WA0051.jpg","jetpack_shortlink":"https:\/\/wp.me\/p6RhLt-8ef","jetpack_sharing_enabled":true,"_links":{"self":[{"href":"https:\/\/eldiariodesanpedro.com.ar\/sitio\/wp-json\/wp\/v2\/posts\/31635","targetHints":{"allow":["GET"]}}],"collection":[{"href":"https:\/\/eldiariodesanpedro.com.ar\/sitio\/wp-json\/wp\/v2\/posts"}],"about":[{"href":"https:\/\/eldiariodesanpedro.com.ar\/sitio\/wp-json\/wp\/v2\/types\/post"}],"author":[{"embeddable":true,"href":"https:\/\/eldiariodesanpedro.com.ar\/sitio\/wp-json\/wp\/v2\/users\/4"}],"replies":[{"embeddable":true,"href":"https:\/\/eldiariodesanpedro.com.ar\/sitio\/wp-json\/wp\/v2\/comments?post=31635"}],"version-history":[{"count":1,"href":"https:\/\/eldiariodesanpedro.com.ar\/sitio\/wp-json\/wp\/v2\/posts\/31635\/revisions"}],"predecessor-version":[{"id":31647,"href":"https:\/\/eldiariodesanpedro.com.ar\/sitio\/wp-json\/wp\/v2\/posts\/31635\/revisions\/31647"}],"wp:featuredmedia":[{"embeddable":true,"href":"https:\/\/eldiariodesanpedro.com.ar\/sitio\/wp-json\/wp\/v2\/media\/31645"}],"wp:attachment":[{"href":"https:\/\/eldiariodesanpedro.com.ar\/sitio\/wp-json\/wp\/v2\/media?parent=31635"}],"wp:term":[{"taxonomy":"category","embeddable":true,"href":"https:\/\/eldiariodesanpedro.com.ar\/sitio\/wp-json\/wp\/v2\/categories?post=31635"},{"taxonomy":"post_tag","embeddable":true,"href":"https:\/\/eldiariodesanpedro.com.ar\/sitio\/wp-json\/wp\/v2\/tags?post=31635"}],"curies":[{"name":"wp","href":"https:\/\/api.w.org\/{rel}","templated":true}]}}