{"id":31631,"date":"2018-04-13T20:23:32","date_gmt":"2018-04-13T23:23:32","guid":{"rendered":"https:\/\/eldiariodesanpedro.com.ar\/sitio\/?p=31631"},"modified":"2026-01-24T00:16:30","modified_gmt":"2026-01-24T03:16:30","slug":"hockey-aho-comienza-el-torneo-oficial-2018-con-dos-equipos-sampedrinos","status":"publish","type":"post","link":"https:\/\/eldiariodesanpedro.com.ar\/sitio\/hockey-aho-comienza-el-torneo-oficial-2018-con-dos-equipos-sampedrinos\/","title":{"rendered":"HOCKEY AHO: Comienza el Torneo oficial 2018 con dos equipos sampedrinos"},"content":{"rendered":"<p><!-- VideographyWP Plugin Message: Automatic video embedding prevented by plugin options. --><br \/>\n  El Torneo de la Asociaci\u00f3n de Hockey del Oeste en el que N\u00e1utico junto al Club los Andes ser\u00e1n los representantes de San Pedro. Da inicio y este ser\u00e1 el fixture en la primera rueda para nuestros equipos.<\/p>\n<p><strong>Zonas<\/strong><br \/>\nZona A: Los Miuras (Jun\u00edn) \u2013 Gimnasia (Pergamino) &#8211; N\u00e1utico &#8211; Los Andes \u2013 Sirio (Pergamino) \u2013 Social (Chacabuco) &#8211; Los Marinos (Chacabuco).<\/p>\n<p>Zona B: Sports (Salto)- Argentino (Rojas) &#8211; Areco (SADA) \u2013 Viajantes (Pergamino) \u2013 Racing (Col\u00f3n) \u2013 Porte\u00f1o (Col\u00f3n).<\/p>\n<p><strong>Partidos para CNSP y CALA<\/strong><br \/>\n1\u00b0- N\u00e1utico &#8211; Social\/Los Andes-Sirio Liban\u00e9s de Pergamino<br \/>\n2\u00b0- Los Marinos &#8211; N\u00e1utico\/Social Chacabuco-Los Andes<br \/>\n3\u00b0- N\u00e1utico &#8211; Los Miuras\/Los Andes-Los Marinos (Chacabuco)<br \/>\n4\u00b0- Gimnasia &#8211; N\u00e1utico\/Los Miuras-Los Andes<br \/>\n5\u00b0- Libre N\u00e1utico\/Los Andes-Gimnasia de Pergamino<br \/>\n6\u00b0- N\u00e1utico &#8211; Los Andes<br \/>\n7\u00b0- Sirio &#8211; N\u00e1utico\/Libre Los Andes<\/p>\n<p>  Desde el 16 de junio se juega la segunda invirtiendo condici\u00f3n de local. <\/p>\n","protected":false},"excerpt":{"rendered":"<p>El Torneo de la Asociaci\u00f3n de Hockey del Oeste en el que N\u00e1utico junto al Club los Andes ser\u00e1n los representantes de San Pedro. Da inicio y este ser\u00e1 el fixture en la primera rueda para nuestros equipos. Zonas Zona A: Los Miuras (Jun\u00edn) \u2013 Gimnasia (Pergamino) &#8211; N\u00e1utico &#8211; Los Andes \u2013 Sirio (Pergamino) [&hellip;]<\/p>\n","protected":false},"author":4,"featured_media":10949,"comment_status":"open","ping_status":"closed","sticky":false,"template":"","format":"standard","meta":{"om_disable_all_campaigns":false,"_jetpack_memberships_contains_paid_content":false,"footnotes":""},"categories":[5],"tags":[],"class_list":["post-31631","post","type-post","status-publish","format-standard","has-post-thumbnail","hentry","category-deportes"],"aioseo_notices":[],"gutentor_comment":0,"jetpack_featured_media_url":"https:\/\/eldiariodesanpedro.com.ar\/sitio\/wp-content\/uploads\/2016\/11\/hockey.jpg","jetpack_shortlink":"https:\/\/wp.me\/p6RhLt-8eb","jetpack_sharing_enabled":true,"_links":{"self":[{"href":"https:\/\/eldiariodesanpedro.com.ar\/sitio\/wp-json\/wp\/v2\/posts\/31631","targetHints":{"allow":["GET"]}}],"collection":[{"href":"https:\/\/eldiariodesanpedro.com.ar\/sitio\/wp-json\/wp\/v2\/posts"}],"about":[{"href":"https:\/\/eldiariodesanpedro.com.ar\/sitio\/wp-json\/wp\/v2\/types\/post"}],"author":[{"embeddable":true,"href":"https:\/\/eldiariodesanpedro.com.ar\/sitio\/wp-json\/wp\/v2\/users\/4"}],"replies":[{"embeddable":true,"href":"https:\/\/eldiariodesanpedro.com.ar\/sitio\/wp-json\/wp\/v2\/comments?post=31631"}],"version-history":[{"count":1,"href":"https:\/\/eldiariodesanpedro.com.ar\/sitio\/wp-json\/wp\/v2\/posts\/31631\/revisions"}],"predecessor-version":[{"id":31633,"href":"https:\/\/eldiariodesanpedro.com.ar\/sitio\/wp-json\/wp\/v2\/posts\/31631\/revisions\/31633"}],"wp:featuredmedia":[{"embeddable":true,"href":"https:\/\/eldiariodesanpedro.com.ar\/sitio\/wp-json\/wp\/v2\/media\/10949"}],"wp:attachment":[{"href":"https:\/\/eldiariodesanpedro.com.ar\/sitio\/wp-json\/wp\/v2\/media?parent=31631"}],"wp:term":[{"taxonomy":"category","embeddable":true,"href":"https:\/\/eldiariodesanpedro.com.ar\/sitio\/wp-json\/wp\/v2\/categories?post=31631"},{"taxonomy":"post_tag","embeddable":true,"href":"https:\/\/eldiariodesanpedro.com.ar\/sitio\/wp-json\/wp\/v2\/tags?post=31631"}],"curies":[{"name":"wp","href":"https:\/\/api.w.org\/{rel}","templated":true}]}}