{"id":31628,"date":"2018-04-13T20:22:37","date_gmt":"2018-04-13T23:22:37","guid":{"rendered":"https:\/\/eldiariodesanpedro.com.ar\/sitio\/?p=31628"},"modified":"2026-01-24T00:16:30","modified_gmt":"2026-01-24T03:16:30","slug":"automovilismo-turismo-fiat-santafesino-sumo-en-condiciones-adversas","status":"publish","type":"post","link":"https:\/\/eldiariodesanpedro.com.ar\/sitio\/automovilismo-turismo-fiat-santafesino-sumo-en-condiciones-adversas\/","title":{"rendered":"AUTOMOVILISMO: Turismo Fiat Santafesino: Sum\u00f3 en condiciones adversas"},"content":{"rendered":"<p><!-- VideographyWP Plugin Message: Automatic video embedding prevented by plugin options. --><br \/>\n  Federico Dom\u00ednguez fue parte de la segunda fecha del Turismo Fiat Santafesino y rescat\u00f3 algunos puntos a pesar de que no todo sali\u00f3 de la mejor manera en Rafaela. El representante de San Pedro logr\u00f3 muy buenos parciales, pero falt\u00f3 culminar con un puesto destacado.<\/p>\n<p>  Todo el s\u00e1bado fue un caos. M\u00faltiples chaparrones complicaron las diversas salidas a pista, y adem\u00e1s siempre hab\u00eda un caudal de agua distinto, que no dejaba tomar demasiadas referencias a los competidores. Junto al Fiornovelli Sport Group, con atenci\u00f3n de Fabio Fiornovelli en el chasis y Wilson Cerminato en los motores, se analiz\u00f3 cada vuelta al detalle para pulir la puesta a punto en piso mojado.<\/p>\n<p>  Para \u2018Pescadito\u2019 fue especial, porque sum\u00f3 muchos kil\u00f3metros con piso mojado y servir\u00e1 en el futuro. \u201cPudimos dar muchas vueltas al menos, adquiriendo mucha experiencia. Quedamos 15\u00ba en clasificaci\u00f3n, a un segundo de gente experimentada en el agua\u201d, coment\u00f3 al respecto.<\/p>\n<p>  En la serie, cuando esperaba ganar algo de terreno en piso seco, tuvo un desliz que lo releg\u00f3 algunos lugares. \u201cEl domingo en la serie el auto no qued\u00f3 con una puesta a punto ideal. No quer\u00edamos tocar mucho pero un error m\u00edo en la serie fue lo que me dej\u00f3 s\u00e9ptimo\u201d, explic\u00f3. <\/p>\n<p>  Luego se disput\u00f3 una ardua prueba final, donde la paridad y el espect\u00e1culo se hicieron notar. Cambiando constantemente de posici\u00f3n, Dom\u00ednguez lleg\u00f3 und\u00e9cimo en pista, pero un recargo por sobrepaso con banderas amarillas lo dej\u00f3 15\u00ba.<\/p>\n<p>  Sobre la carrera final, relat\u00f3: \u201cLargamos vig\u00e9simos la final, pero arrancamos bien, ganamos un par de puestos en los primeros metros, pero en la segunda vuelta me despist\u00e9 y qued\u00e9 25. Progres\u00e9 desde el fondo, un mont\u00f3n, pero en el segundo auto de seguridad, nos agarr\u00f3 a todos frenando y sin querer ni saber me adelant\u00e9 algunos puestos y me recargaron hasta el puesto 15\u201d.<\/p>\n<p>  Si bien van apenas dos fechas, analizar el cuadro de situaci\u00f3n en la tabla de posiciones es importante de cara a lo que viene. \u201cNo estamos lejos en el campeonato y tenemos el auto entero que es importante. El balance es positivo por haber sumado experiencia en lluvia, pero lo malo es que nunca pudimos redondear en Rafaela hasta ahora\u201d, destac\u00f3.<\/p>\n<p>  La pr\u00f3xima fecha ser\u00e1 el fin de semana del 20 de mayo, en Paran\u00e1, con pilotos invitados. En su caso, en los pr\u00f3ximos d\u00edas se informar\u00e1 con qui\u00e9n compartir\u00e1 su auto.<\/p>\n","protected":false},"excerpt":{"rendered":"<p>Federico Dom\u00ednguez fue parte de la segunda fecha del Turismo Fiat Santafesino y rescat\u00f3 algunos puntos a pesar de que no todo sali\u00f3 de la mejor manera en Rafaela. El representante de San Pedro logr\u00f3 muy buenos parciales, pero falt\u00f3 culminar con un puesto destacado. Todo el s\u00e1bado fue un caos. M\u00faltiples chaparrones complicaron las [&hellip;]<\/p>\n","protected":false},"author":4,"featured_media":31630,"comment_status":"open","ping_status":"closed","sticky":false,"template":"","format":"standard","meta":{"om_disable_all_campaigns":false,"_jetpack_memberships_contains_paid_content":false,"footnotes":""},"categories":[5],"tags":[],"class_list":["post-31628","post","type-post","status-publish","format-standard","has-post-thumbnail","hentry","category-deportes"],"aioseo_notices":[],"gutentor_comment":0,"jetpack_featured_media_url":"https:\/\/eldiariodesanpedro.com.ar\/sitio\/wp-content\/uploads\/2018\/04\/La-maquina-del-sampedrino.jpg","jetpack_shortlink":"https:\/\/wp.me\/p6RhLt-8e8","jetpack_sharing_enabled":true,"_links":{"self":[{"href":"https:\/\/eldiariodesanpedro.com.ar\/sitio\/wp-json\/wp\/v2\/posts\/31628","targetHints":{"allow":["GET"]}}],"collection":[{"href":"https:\/\/eldiariodesanpedro.com.ar\/sitio\/wp-json\/wp\/v2\/posts"}],"about":[{"href":"https:\/\/eldiariodesanpedro.com.ar\/sitio\/wp-json\/wp\/v2\/types\/post"}],"author":[{"embeddable":true,"href":"https:\/\/eldiariodesanpedro.com.ar\/sitio\/wp-json\/wp\/v2\/users\/4"}],"replies":[{"embeddable":true,"href":"https:\/\/eldiariodesanpedro.com.ar\/sitio\/wp-json\/wp\/v2\/comments?post=31628"}],"version-history":[{"count":1,"href":"https:\/\/eldiariodesanpedro.com.ar\/sitio\/wp-json\/wp\/v2\/posts\/31628\/revisions"}],"predecessor-version":[{"id":31632,"href":"https:\/\/eldiariodesanpedro.com.ar\/sitio\/wp-json\/wp\/v2\/posts\/31628\/revisions\/31632"}],"wp:featuredmedia":[{"embeddable":true,"href":"https:\/\/eldiariodesanpedro.com.ar\/sitio\/wp-json\/wp\/v2\/media\/31630"}],"wp:attachment":[{"href":"https:\/\/eldiariodesanpedro.com.ar\/sitio\/wp-json\/wp\/v2\/media?parent=31628"}],"wp:term":[{"taxonomy":"category","embeddable":true,"href":"https:\/\/eldiariodesanpedro.com.ar\/sitio\/wp-json\/wp\/v2\/categories?post=31628"},{"taxonomy":"post_tag","embeddable":true,"href":"https:\/\/eldiariodesanpedro.com.ar\/sitio\/wp-json\/wp\/v2\/tags?post=31628"}],"curies":[{"name":"wp","href":"https:\/\/api.w.org\/{rel}","templated":true}]}}