{"id":31614,"date":"2018-04-13T20:08:07","date_gmt":"2018-04-13T23:08:07","guid":{"rendered":"https:\/\/eldiariodesanpedro.com.ar\/sitio\/?p=31614"},"modified":"2018-04-13T20:08:07","modified_gmt":"2018-04-13T23:08:07","slug":"el-procurador-general-julio-conte-grand-realizo-una-reunion-de-fiscales-de-toda-la-region","status":"publish","type":"post","link":"https:\/\/eldiariodesanpedro.com.ar\/sitio\/el-procurador-general-julio-conte-grand-realizo-una-reunion-de-fiscales-de-toda-la-region\/","title":{"rendered":"El Procurador General Julio Conte Grand realizo una reuni\u00f3n de fiscales de toda la regi\u00f3n"},"content":{"rendered":"<p><!-- VideographyWP Plugin Message: Automatic video embedding prevented by plugin options. --><br \/>\nSe desarroll\u00f3 en nuestra ciudad una jornada donde estuvieron presentes Fiscales Generales , Defensores Generales,  Asesores de Menores e Incapaces, Fiscales Departamentales y  el Suscripto -todos de diferentes Departamentos Judiciales (La Plata, Mercedes, Pergamino, Z\u00e1rate-Campana y San Nicol\u00e1s).<\/p>\n<p>Con la presencia del Procurador General de la SCJBA Dr. Julio Marcelo Conte Grand, donde se expuso los lineamientos del Plan Estrat\u00e9gico 2018\/2027 de Pol\u00edtica Criminal.<\/p>\n<p>La reuni\u00f3n se realiz\u00f3 pasadas las 12:30 hs en el Sal\u00f3n Auditorio H\u00e9ctor Padula del Centro de Comercio, Industria y Turismo ubicado en calle Mitre y San Mart\u00edn.<\/p>\n<p><img decoding=\"async\" data-attachment-id=\"31615\" data-permalink=\"https:\/\/eldiariodesanpedro.com.ar\/sitio\/el-procurador-general-julio-conte-grand-realizo-una-reunion-de-fiscales-de-toda-la-region\/20180413_130044\/\" data-orig-file=\"https:\/\/eldiariodesanpedro.com.ar\/sitio\/wp-content\/uploads\/2018\/04\/20180413_130044-e1523660617308.jpg\" data-orig-size=\"1260,613\" data-comments-opened=\"1\" data-image-meta=\"{&quot;aperture&quot;:&quot;1.7&quot;,&quot;credit&quot;:&quot;&quot;,&quot;camera&quot;:&quot;SM-N950F&quot;,&quot;caption&quot;:&quot;&quot;,&quot;created_timestamp&quot;:&quot;1523624444&quot;,&quot;copyright&quot;:&quot;&quot;,&quot;focal_length&quot;:&quot;4.3&quot;,&quot;iso&quot;:&quot;250&quot;,&quot;shutter_speed&quot;:&quot;0.058823529411765&quot;,&quot;title&quot;:&quot;&quot;,&quot;orientation&quot;:&quot;1&quot;}\" data-image-title=\"20180413_130044\" data-image-description=\"\" data-image-caption=\"\" data-large-file=\"https:\/\/eldiariodesanpedro.com.ar\/sitio\/wp-content\/uploads\/2018\/04\/20180413_130044-1024x498.jpg\" data-src=\"https:\/\/eldiariodesanpedro.com.ar\/sitio\/wp-content\/uploads\/2018\/04\/20180413_130044-1024x498.jpg\" alt=\"\" width=\"660\" height=\"321\" class=\"alignnone size-large wp-image-31615 lazyload\" src=\"data:image\/svg+xml;base64,PHN2ZyB3aWR0aD0iMSIgaGVpZ2h0PSIxIiB4bWxucz0iaHR0cDovL3d3dy53My5vcmcvMjAwMC9zdmciPjwvc3ZnPg==\" style=\"--smush-placeholder-width: 660px; --smush-placeholder-aspect-ratio: 660\/321;\" \/><\/p>\n","protected":false},"excerpt":{"rendered":"<p>Se desarroll\u00f3 en nuestra ciudad una jornada donde estuvieron presentes Fiscales Generales , Defensores Generales, Asesores de Menores e Incapaces, Fiscales Departamentales y el Suscripto -todos de diferentes Departamentos Judiciales (La Plata, Mercedes, Pergamino, Z\u00e1rate-Campana y San Nicol\u00e1s). Con la presencia del Procurador General de la SCJBA Dr. Julio Marcelo Conte Grand, donde se expuso [&hellip;]<\/p>\n","protected":false},"author":4,"featured_media":31621,"comment_status":"open","ping_status":"closed","sticky":false,"template":"","format":"standard","meta":{"om_disable_all_campaigns":false,"_jetpack_memberships_contains_paid_content":false,"footnotes":""},"categories":[101,2],"tags":[],"class_list":["post-31614","post","type-post","status-publish","format-standard","has-post-thumbnail","hentry","category-interes-general-locales","category-locales"],"aioseo_notices":[],"gutentor_comment":0,"jetpack_featured_media_url":"https:\/\/eldiariodesanpedro.com.ar\/sitio\/wp-content\/uploads\/2018\/04\/20180413_130012-e1523660768793.jpg","jetpack_shortlink":"https:\/\/wp.me\/p6RhLt-8dU","jetpack_sharing_enabled":true,"_links":{"self":[{"href":"https:\/\/eldiariodesanpedro.com.ar\/sitio\/wp-json\/wp\/v2\/posts\/31614","targetHints":{"allow":["GET"]}}],"collection":[{"href":"https:\/\/eldiariodesanpedro.com.ar\/sitio\/wp-json\/wp\/v2\/posts"}],"about":[{"href":"https:\/\/eldiariodesanpedro.com.ar\/sitio\/wp-json\/wp\/v2\/types\/post"}],"author":[{"embeddable":true,"href":"https:\/\/eldiariodesanpedro.com.ar\/sitio\/wp-json\/wp\/v2\/users\/4"}],"replies":[{"embeddable":true,"href":"https:\/\/eldiariodesanpedro.com.ar\/sitio\/wp-json\/wp\/v2\/comments?post=31614"}],"version-history":[{"count":1,"href":"https:\/\/eldiariodesanpedro.com.ar\/sitio\/wp-json\/wp\/v2\/posts\/31614\/revisions"}],"predecessor-version":[{"id":31623,"href":"https:\/\/eldiariodesanpedro.com.ar\/sitio\/wp-json\/wp\/v2\/posts\/31614\/revisions\/31623"}],"wp:featuredmedia":[{"embeddable":true,"href":"https:\/\/eldiariodesanpedro.com.ar\/sitio\/wp-json\/wp\/v2\/media\/31621"}],"wp:attachment":[{"href":"https:\/\/eldiariodesanpedro.com.ar\/sitio\/wp-json\/wp\/v2\/media?parent=31614"}],"wp:term":[{"taxonomy":"category","embeddable":true,"href":"https:\/\/eldiariodesanpedro.com.ar\/sitio\/wp-json\/wp\/v2\/categories?post=31614"},{"taxonomy":"post_tag","embeddable":true,"href":"https:\/\/eldiariodesanpedro.com.ar\/sitio\/wp-json\/wp\/v2\/tags?post=31614"}],"curies":[{"name":"wp","href":"https:\/\/api.w.org\/{rel}","templated":true}]}}