{"id":31612,"date":"2018-04-13T19:47:32","date_gmt":"2018-04-13T22:47:32","guid":{"rendered":"https:\/\/eldiariodesanpedro.com.ar\/sitio\/?p=31612"},"modified":"2018-04-13T19:47:32","modified_gmt":"2018-04-13T22:47:32","slug":"enfermeria-de-servicios-sociales-extendida-a-sanatorio-coopser","status":"publish","type":"post","link":"https:\/\/eldiariodesanpedro.com.ar\/sitio\/enfermeria-de-servicios-sociales-extendida-a-sanatorio-coopser\/","title":{"rendered":"Enfermer\u00eda de Servicios Sociales extendida a Sanatorio COOPSER"},"content":{"rendered":"<p><!-- VideographyWP Plugin Message: Automatic video embedding prevented by plugin options. --><br \/>\nCon el prop\u00f3sito de extender la cobertura de enfermer\u00eda contemplada dentro de los Servicios Sociales y sin un costo extra para los asociados, Coopser informa que se ha establecido un convenio de prestaciones, mediante el cual desde el pr\u00f3ximo lunes 16 de Abril se brinda atenci\u00f3n en el Sanatorio Coopser en los horarios complementarios al  funcionamiento de nuestros gabinetes.  <\/p>\n<p>Este servicio s\u00f3lo se activa cuando los gabinetes de Servicios Sociales se encuentran cerrados: de lunes a viernes desde las 19 a las 7 fines de semana y feriados durante las 24 horas.<\/p>\n<p>Los asociados que soliciten prestaciones de enfermer\u00eda deber\u00e1n concurrir al Sanatorio siempre dentro de la misma modalidad y tipo de pr\u00e1cticas que se realizan en los gabinetes presentando DNI y orden m\u00e9dica autorizada.<\/p>\n<p>Cuando el socio concurra a Servicios Sociales a solicitar el servicio, el personal de atenci\u00f3n corroborar\u00e1 su adhesi\u00f3n y cumplimiento de carencia, y confeccionar\u00e1 un formulario implementado para este fin con los datos correspondientes  con el cual se har\u00e1 presente en el sanatorio para su atenci\u00f3n.<\/p>\n<p>Tambi\u00e9n podr\u00e1 presentarse directamente en el Sanatorio con DNI y orden m\u00e9dica, siempre y cuando sea en los horarios complementarios a los gabinetes.<\/p>\n","protected":false},"excerpt":{"rendered":"<p>Con el prop\u00f3sito de extender la cobertura de enfermer\u00eda contemplada dentro de los Servicios Sociales y sin un costo extra para los asociados, Coopser informa que se ha establecido un convenio de prestaciones, mediante el cual desde el pr\u00f3ximo lunes 16 de Abril se brinda atenci\u00f3n en el Sanatorio Coopser en los horarios complementarios al [&hellip;]<\/p>\n","protected":false},"author":4,"featured_media":24182,"comment_status":"open","ping_status":"closed","sticky":false,"template":"","format":"standard","meta":{"om_disable_all_campaigns":false,"_jetpack_memberships_contains_paid_content":false,"footnotes":""},"categories":[101,2],"tags":[],"class_list":["post-31612","post","type-post","status-publish","format-standard","has-post-thumbnail","hentry","category-interes-general-locales","category-locales"],"aioseo_notices":[],"gutentor_comment":0,"jetpack_featured_media_url":"https:\/\/eldiariodesanpedro.com.ar\/sitio\/wp-content\/uploads\/2017\/10\/Sanatorio-Coopser.jpg","jetpack_shortlink":"https:\/\/wp.me\/p6RhLt-8dS","jetpack_sharing_enabled":true,"_links":{"self":[{"href":"https:\/\/eldiariodesanpedro.com.ar\/sitio\/wp-json\/wp\/v2\/posts\/31612","targetHints":{"allow":["GET"]}}],"collection":[{"href":"https:\/\/eldiariodesanpedro.com.ar\/sitio\/wp-json\/wp\/v2\/posts"}],"about":[{"href":"https:\/\/eldiariodesanpedro.com.ar\/sitio\/wp-json\/wp\/v2\/types\/post"}],"author":[{"embeddable":true,"href":"https:\/\/eldiariodesanpedro.com.ar\/sitio\/wp-json\/wp\/v2\/users\/4"}],"replies":[{"embeddable":true,"href":"https:\/\/eldiariodesanpedro.com.ar\/sitio\/wp-json\/wp\/v2\/comments?post=31612"}],"version-history":[{"count":1,"href":"https:\/\/eldiariodesanpedro.com.ar\/sitio\/wp-json\/wp\/v2\/posts\/31612\/revisions"}],"predecessor-version":[{"id":31613,"href":"https:\/\/eldiariodesanpedro.com.ar\/sitio\/wp-json\/wp\/v2\/posts\/31612\/revisions\/31613"}],"wp:featuredmedia":[{"embeddable":true,"href":"https:\/\/eldiariodesanpedro.com.ar\/sitio\/wp-json\/wp\/v2\/media\/24182"}],"wp:attachment":[{"href":"https:\/\/eldiariodesanpedro.com.ar\/sitio\/wp-json\/wp\/v2\/media?parent=31612"}],"wp:term":[{"taxonomy":"category","embeddable":true,"href":"https:\/\/eldiariodesanpedro.com.ar\/sitio\/wp-json\/wp\/v2\/categories?post=31612"},{"taxonomy":"post_tag","embeddable":true,"href":"https:\/\/eldiariodesanpedro.com.ar\/sitio\/wp-json\/wp\/v2\/tags?post=31612"}],"curies":[{"name":"wp","href":"https:\/\/api.w.org\/{rel}","templated":true}]}}