{"id":31609,"date":"2018-04-13T19:38:54","date_gmt":"2018-04-13T22:38:54","guid":{"rendered":"https:\/\/eldiariodesanpedro.com.ar\/sitio\/?p=31609"},"modified":"2018-04-13T19:38:54","modified_gmt":"2018-04-13T22:38:54","slug":"la-municipalidad-de-san-pedro-se-encuentra-trabajando-en-la-restauracion-del-patio-del-convento","status":"publish","type":"post","link":"https:\/\/eldiariodesanpedro.com.ar\/sitio\/la-municipalidad-de-san-pedro-se-encuentra-trabajando-en-la-restauracion-del-patio-del-convento\/","title":{"rendered":"La Municipalidad de San Pedro se encuentra trabajando en la restauraci\u00f3n del \u00abPatio del Convento\u00bb"},"content":{"rendered":"<p><!-- VideographyWP Plugin Message: Automatic video embedding prevented by plugin options. --><br \/>\nLa Direcci\u00f3n de Cultura se encuentra trabajando en la recuperaci\u00f3n de monumentos y sitios hist\u00f3ricos de San Pedro, esta semana comenzamos con la restauraci\u00f3n del patio del convento. En un principio las tareas contar\u00e1n en pintar y recuperar la fuente y la carteler\u00eda del lugar.<\/p>\n","protected":false},"excerpt":{"rendered":"<p>La Direcci\u00f3n de Cultura se encuentra trabajando en la recuperaci\u00f3n de monumentos y sitios hist\u00f3ricos de San Pedro, esta semana comenzamos con la restauraci\u00f3n del patio del convento. En un principio las tareas contar\u00e1n en pintar y recuperar la fuente y la carteler\u00eda del lugar.<\/p>\n","protected":false},"author":4,"featured_media":31610,"comment_status":"open","ping_status":"closed","sticky":false,"template":"","format":"standard","meta":{"om_disable_all_campaigns":false,"_jetpack_memberships_contains_paid_content":false,"footnotes":""},"categories":[101,2],"tags":[],"class_list":["post-31609","post","type-post","status-publish","format-standard","has-post-thumbnail","hentry","category-interes-general-locales","category-locales"],"aioseo_notices":[],"gutentor_comment":0,"jetpack_featured_media_url":"https:\/\/eldiariodesanpedro.com.ar\/sitio\/wp-content\/uploads\/2018\/04\/pastedImage-1-2.png","jetpack_shortlink":"https:\/\/wp.me\/p6RhLt-8dP","jetpack_sharing_enabled":true,"_links":{"self":[{"href":"https:\/\/eldiariodesanpedro.com.ar\/sitio\/wp-json\/wp\/v2\/posts\/31609","targetHints":{"allow":["GET"]}}],"collection":[{"href":"https:\/\/eldiariodesanpedro.com.ar\/sitio\/wp-json\/wp\/v2\/posts"}],"about":[{"href":"https:\/\/eldiariodesanpedro.com.ar\/sitio\/wp-json\/wp\/v2\/types\/post"}],"author":[{"embeddable":true,"href":"https:\/\/eldiariodesanpedro.com.ar\/sitio\/wp-json\/wp\/v2\/users\/4"}],"replies":[{"embeddable":true,"href":"https:\/\/eldiariodesanpedro.com.ar\/sitio\/wp-json\/wp\/v2\/comments?post=31609"}],"version-history":[{"count":1,"href":"https:\/\/eldiariodesanpedro.com.ar\/sitio\/wp-json\/wp\/v2\/posts\/31609\/revisions"}],"predecessor-version":[{"id":31611,"href":"https:\/\/eldiariodesanpedro.com.ar\/sitio\/wp-json\/wp\/v2\/posts\/31609\/revisions\/31611"}],"wp:featuredmedia":[{"embeddable":true,"href":"https:\/\/eldiariodesanpedro.com.ar\/sitio\/wp-json\/wp\/v2\/media\/31610"}],"wp:attachment":[{"href":"https:\/\/eldiariodesanpedro.com.ar\/sitio\/wp-json\/wp\/v2\/media?parent=31609"}],"wp:term":[{"taxonomy":"category","embeddable":true,"href":"https:\/\/eldiariodesanpedro.com.ar\/sitio\/wp-json\/wp\/v2\/categories?post=31609"},{"taxonomy":"post_tag","embeddable":true,"href":"https:\/\/eldiariodesanpedro.com.ar\/sitio\/wp-json\/wp\/v2\/tags?post=31609"}],"curies":[{"name":"wp","href":"https:\/\/api.w.org\/{rel}","templated":true}]}}