{"id":31606,"date":"2018-04-13T19:32:55","date_gmt":"2018-04-13T22:32:55","guid":{"rendered":"https:\/\/eldiariodesanpedro.com.ar\/sitio\/?p=31606"},"modified":"2018-04-13T19:33:58","modified_gmt":"2018-04-13T22:33:58","slug":"taller-de-cosmetologia-en-la-sede-envion","status":"publish","type":"post","link":"https:\/\/eldiariodesanpedro.com.ar\/sitio\/taller-de-cosmetologia-en-la-sede-envion\/","title":{"rendered":"Taller de cosmetolog\u00eda en la Sede Envi\u00f3n"},"content":{"rendered":"<p><!-- VideographyWP Plugin Message: Automatic video embedding prevented by plugin options. --><br \/>\nEn el marco de las actividades impulsadas por  la Secretar\u00eda de Desarrollo humano a trav\u00e9s del \u00c1rea de Redes Comunitarias, se da inicio a Capacitaciones.<br \/>\nLas mismas,  comenzaran con el dictado  del Curso de Cosmetolog\u00eda,  que se llevar\u00e1 a cabo en la sede de Envi\u00f3n Villa Depietri, San Mart\u00edn 2800, los siguientes d\u00edas y horarios: <\/p>\n<p>D\u00edas: lunes y mi\u00e9rcoles<br \/>\nHorarios: 13:45 hs a 15:45 hs.<br \/>\nLugar: Sede Envi\u00f3n Depietri &#8211; San Mart\u00edn 2800<br \/>\nRequisitos: ser mayor de 15 a\u00f1os.<br \/>\nProf. Marisa Giulliani<br \/>\nInicio: Lunes 16  de Abril de 2018<br \/>\nInscripci\u00f3n: Sede de Envi\u00f3n (10 hs a 11:30 hs)<\/p>\n","protected":false},"excerpt":{"rendered":"<p>En el marco de las actividades impulsadas por la Secretar\u00eda de Desarrollo humano a trav\u00e9s del \u00c1rea de Redes Comunitarias, se da inicio a Capacitaciones. Las mismas, comenzaran con el dictado del Curso de Cosmetolog\u00eda, que se llevar\u00e1 a cabo en la sede de Envi\u00f3n Villa Depietri, San Mart\u00edn 2800, los siguientes d\u00edas y horarios: [&hellip;]<\/p>\n","protected":false},"author":4,"featured_media":31607,"comment_status":"open","ping_status":"closed","sticky":false,"template":"","format":"standard","meta":{"om_disable_all_campaigns":false,"_jetpack_memberships_contains_paid_content":false,"footnotes":""},"categories":[101,2],"tags":[],"class_list":["post-31606","post","type-post","status-publish","format-standard","has-post-thumbnail","hentry","category-interes-general-locales","category-locales"],"aioseo_notices":[],"gutentor_comment":0,"jetpack_featured_media_url":"https:\/\/eldiariodesanpedro.com.ar\/sitio\/wp-content\/uploads\/2018\/04\/pastedImage-7.png","jetpack_shortlink":"https:\/\/wp.me\/p6RhLt-8dM","jetpack_sharing_enabled":true,"_links":{"self":[{"href":"https:\/\/eldiariodesanpedro.com.ar\/sitio\/wp-json\/wp\/v2\/posts\/31606","targetHints":{"allow":["GET"]}}],"collection":[{"href":"https:\/\/eldiariodesanpedro.com.ar\/sitio\/wp-json\/wp\/v2\/posts"}],"about":[{"href":"https:\/\/eldiariodesanpedro.com.ar\/sitio\/wp-json\/wp\/v2\/types\/post"}],"author":[{"embeddable":true,"href":"https:\/\/eldiariodesanpedro.com.ar\/sitio\/wp-json\/wp\/v2\/users\/4"}],"replies":[{"embeddable":true,"href":"https:\/\/eldiariodesanpedro.com.ar\/sitio\/wp-json\/wp\/v2\/comments?post=31606"}],"version-history":[{"count":1,"href":"https:\/\/eldiariodesanpedro.com.ar\/sitio\/wp-json\/wp\/v2\/posts\/31606\/revisions"}],"predecessor-version":[{"id":31608,"href":"https:\/\/eldiariodesanpedro.com.ar\/sitio\/wp-json\/wp\/v2\/posts\/31606\/revisions\/31608"}],"wp:featuredmedia":[{"embeddable":true,"href":"https:\/\/eldiariodesanpedro.com.ar\/sitio\/wp-json\/wp\/v2\/media\/31607"}],"wp:attachment":[{"href":"https:\/\/eldiariodesanpedro.com.ar\/sitio\/wp-json\/wp\/v2\/media?parent=31606"}],"wp:term":[{"taxonomy":"category","embeddable":true,"href":"https:\/\/eldiariodesanpedro.com.ar\/sitio\/wp-json\/wp\/v2\/categories?post=31606"},{"taxonomy":"post_tag","embeddable":true,"href":"https:\/\/eldiariodesanpedro.com.ar\/sitio\/wp-json\/wp\/v2\/tags?post=31606"}],"curies":[{"name":"wp","href":"https:\/\/api.w.org\/{rel}","templated":true}]}}