{"id":31603,"date":"2018-04-13T19:26:36","date_gmt":"2018-04-13T22:26:36","guid":{"rendered":"https:\/\/eldiariodesanpedro.com.ar\/sitio\/?p=31603"},"modified":"2018-04-13T19:26:36","modified_gmt":"2018-04-13T22:26:36","slug":"capacitacion-de-albanileria-en-el-cic","status":"publish","type":"post","link":"https:\/\/eldiariodesanpedro.com.ar\/sitio\/capacitacion-de-albanileria-en-el-cic\/","title":{"rendered":"Capacitaci\u00f3n de Alba\u00f1iler\u00eda en el CIC"},"content":{"rendered":"<p><!-- VideographyWP Plugin Message: Automatic video embedding prevented by plugin options. --><br \/>\nDentro de las actividades coordinadas desde la Secretar\u00eda de Desarrollo Humano en conjunto con el Centro de Interpetaci\u00f3n Ind\u00edgena El Antigal Lma Iacia Qom y gestionados ante el \u00e1rea de Capacitaci\u00f3n del INADI se realiz\u00f3 una nueva jornada del Taller de Alb\u00f1iler\u00eda. El encuentro fue en el CIC y un buen grupo de j\u00f3venes recibi\u00f3 la propuesta que les brinda herramientas para incorporar formaci\u00f3n destinada a abrirse camino en el mercado laboral.<\/p>\n","protected":false},"excerpt":{"rendered":"<p>Dentro de las actividades coordinadas desde la Secretar\u00eda de Desarrollo Humano en conjunto con el Centro de Interpetaci\u00f3n Ind\u00edgena El Antigal Lma Iacia Qom y gestionados ante el \u00e1rea de Capacitaci\u00f3n del INADI se realiz\u00f3 una nueva jornada del Taller de Alb\u00f1iler\u00eda. El encuentro fue en el CIC y un buen grupo de j\u00f3venes recibi\u00f3 [&hellip;]<\/p>\n","protected":false},"author":4,"featured_media":31604,"comment_status":"open","ping_status":"closed","sticky":false,"template":"","format":"standard","meta":{"om_disable_all_campaigns":false,"_jetpack_memberships_contains_paid_content":false,"footnotes":""},"categories":[101,2],"tags":[],"class_list":["post-31603","post","type-post","status-publish","format-standard","has-post-thumbnail","hentry","category-interes-general-locales","category-locales"],"aioseo_notices":[],"gutentor_comment":0,"jetpack_featured_media_url":"https:\/\/eldiariodesanpedro.com.ar\/sitio\/wp-content\/uploads\/2018\/04\/CIC-Alba\u00f1iles.png","jetpack_shortlink":"https:\/\/wp.me\/p6RhLt-8dJ","jetpack_sharing_enabled":true,"_links":{"self":[{"href":"https:\/\/eldiariodesanpedro.com.ar\/sitio\/wp-json\/wp\/v2\/posts\/31603","targetHints":{"allow":["GET"]}}],"collection":[{"href":"https:\/\/eldiariodesanpedro.com.ar\/sitio\/wp-json\/wp\/v2\/posts"}],"about":[{"href":"https:\/\/eldiariodesanpedro.com.ar\/sitio\/wp-json\/wp\/v2\/types\/post"}],"author":[{"embeddable":true,"href":"https:\/\/eldiariodesanpedro.com.ar\/sitio\/wp-json\/wp\/v2\/users\/4"}],"replies":[{"embeddable":true,"href":"https:\/\/eldiariodesanpedro.com.ar\/sitio\/wp-json\/wp\/v2\/comments?post=31603"}],"version-history":[{"count":1,"href":"https:\/\/eldiariodesanpedro.com.ar\/sitio\/wp-json\/wp\/v2\/posts\/31603\/revisions"}],"predecessor-version":[{"id":31605,"href":"https:\/\/eldiariodesanpedro.com.ar\/sitio\/wp-json\/wp\/v2\/posts\/31603\/revisions\/31605"}],"wp:featuredmedia":[{"embeddable":true,"href":"https:\/\/eldiariodesanpedro.com.ar\/sitio\/wp-json\/wp\/v2\/media\/31604"}],"wp:attachment":[{"href":"https:\/\/eldiariodesanpedro.com.ar\/sitio\/wp-json\/wp\/v2\/media?parent=31603"}],"wp:term":[{"taxonomy":"category","embeddable":true,"href":"https:\/\/eldiariodesanpedro.com.ar\/sitio\/wp-json\/wp\/v2\/categories?post=31603"},{"taxonomy":"post_tag","embeddable":true,"href":"https:\/\/eldiariodesanpedro.com.ar\/sitio\/wp-json\/wp\/v2\/tags?post=31603"}],"curies":[{"name":"wp","href":"https:\/\/api.w.org\/{rel}","templated":true}]}}