{"id":31600,"date":"2018-04-13T18:45:46","date_gmt":"2018-04-13T21:45:46","guid":{"rendered":"https:\/\/eldiariodesanpedro.com.ar\/sitio\/?p=31600"},"modified":"2018-04-13T18:45:46","modified_gmt":"2018-04-13T21:45:46","slug":"san-pedro-en-un-viaje-de-intendentes-y-empresas-en-estados-unidos","status":"publish","type":"post","link":"https:\/\/eldiariodesanpedro.com.ar\/sitio\/san-pedro-en-un-viaje-de-intendentes-y-empresas-en-estados-unidos\/","title":{"rendered":"San Pedro en un viaje de intendentes y empresas en Estados Unidos"},"content":{"rendered":"<p><!-- VideographyWP Plugin Message: Automatic video embedding prevented by plugin options. --><br \/>\nEl Intendente de San Pedro Cecilio Salazar particip\u00f3 este jueves en Jun\u00edn de una reuni\u00f3n previa al viaje a Estados Unidos del que podr\u00e1 participar desde el 28 al 5 de Mayo pr\u00f3ximos. <\/p>\n<p>San Pedro y su jefe comunal fueron seleccionados por la ONG R.I.L. (Red de Innovaci\u00f3n Local) y el Movimiento CREA conformado por 2000 empresas agropecuarias,  para un viaje de intercambio de conocimientos y aprendizajes que incluir\u00e1 entrevistas con alcaldes de ciudades con perfiles productivos y agropecuarios similares a los que se intenta potenciar en nuestra regi\u00f3n.<\/p>\n<p>Cabe destacar que para ninguno de los Intendentes invitados ni para sus comunas, la participaci\u00f3n en esta misi\u00f3n implica gastos de pasajes y estad\u00eda ya que el objetivo es promocionar el relacionamiento entre representantes de estados similares y empresas que llevan adelante proyectos en ambos pa\u00edses. <\/p>\n<p>Para la Municipalidad de San Pedro en particular representa un reconocimiento y una oportunidad muy importante despu\u00e9s de muchos a\u00f1os sin que se generan este tipo de propuestas que permiten generar v\u00ednculos con un horizonte m\u00e1s amplio, a\u00fan en una coyuntura compleja como la que se atraviesa tanto a nivel local, como a nivel provincial y nacional. <\/p>\n<p>Durante la estad\u00eda se recorrer\u00e1 la regi\u00f3n de Saint Louis, Missouri y la ciudad de Chicago, en Illinois, visitando a Alcaldes de Chesterfield,  Creve Coeur, Bloomington  y Chicago, con visitas a  centros de investigaci\u00f3n relacionados a la agro tecnolog\u00eda, empresas, productores e innovaci\u00f3n agropecuaria. <\/p>\n<p>En la agenda anticipada en la reuni\u00f3n de este jueves en Jun\u00edn se adelantaron algunos de los temas m\u00e1s relevantes. Est\u00e1 previsto charlas sobre cultura organizacional, an\u00e1lisis de las estructuras municipales en EEUU y visitas a organizaciones de la comunidad con importantes experiencias para compartir con los Intendentes y Empresarios que los visitaran. <\/p>\n<p>Analizar  c\u00f3mo se crea valor y se genera desarrollo en ciudades similares a las nuestras, con matrices agropecuarias o industriales y acceder a proyectos en marcha sobre temas que aqu\u00ed son asignaturas pendientes, ser\u00e1 indudablemente una muy buena experiencia que luego podr\u00e1 ser compartida en los espacios de acci\u00f3n de cada uno de los participantes.<\/p>\n","protected":false},"excerpt":{"rendered":"<p>El Intendente de San Pedro Cecilio Salazar particip\u00f3 este jueves en Jun\u00edn de una reuni\u00f3n previa al viaje a Estados Unidos del que podr\u00e1 participar desde el 28 al 5 de Mayo pr\u00f3ximos. San Pedro y su jefe comunal fueron seleccionados por la ONG R.I.L. (Red de Innovaci\u00f3n Local) y el Movimiento CREA conformado por [&hellip;]<\/p>\n","protected":false},"author":4,"featured_media":31601,"comment_status":"open","ping_status":"closed","sticky":false,"template":"","format":"standard","meta":{"om_disable_all_campaigns":false,"_jetpack_memberships_contains_paid_content":false,"footnotes":""},"categories":[2,102],"tags":[],"class_list":["post-31600","post","type-post","status-publish","format-standard","has-post-thumbnail","hentry","category-locales","category-politica-locales"],"aioseo_notices":[],"gutentor_comment":0,"jetpack_featured_media_url":"https:\/\/eldiariodesanpedro.com.ar\/sitio\/wp-content\/uploads\/2018\/04\/Intendentes.png","jetpack_shortlink":"https:\/\/wp.me\/p6RhLt-8dG","jetpack_sharing_enabled":true,"_links":{"self":[{"href":"https:\/\/eldiariodesanpedro.com.ar\/sitio\/wp-json\/wp\/v2\/posts\/31600","targetHints":{"allow":["GET"]}}],"collection":[{"href":"https:\/\/eldiariodesanpedro.com.ar\/sitio\/wp-json\/wp\/v2\/posts"}],"about":[{"href":"https:\/\/eldiariodesanpedro.com.ar\/sitio\/wp-json\/wp\/v2\/types\/post"}],"author":[{"embeddable":true,"href":"https:\/\/eldiariodesanpedro.com.ar\/sitio\/wp-json\/wp\/v2\/users\/4"}],"replies":[{"embeddable":true,"href":"https:\/\/eldiariodesanpedro.com.ar\/sitio\/wp-json\/wp\/v2\/comments?post=31600"}],"version-history":[{"count":1,"href":"https:\/\/eldiariodesanpedro.com.ar\/sitio\/wp-json\/wp\/v2\/posts\/31600\/revisions"}],"predecessor-version":[{"id":31602,"href":"https:\/\/eldiariodesanpedro.com.ar\/sitio\/wp-json\/wp\/v2\/posts\/31600\/revisions\/31602"}],"wp:featuredmedia":[{"embeddable":true,"href":"https:\/\/eldiariodesanpedro.com.ar\/sitio\/wp-json\/wp\/v2\/media\/31601"}],"wp:attachment":[{"href":"https:\/\/eldiariodesanpedro.com.ar\/sitio\/wp-json\/wp\/v2\/media?parent=31600"}],"wp:term":[{"taxonomy":"category","embeddable":true,"href":"https:\/\/eldiariodesanpedro.com.ar\/sitio\/wp-json\/wp\/v2\/categories?post=31600"},{"taxonomy":"post_tag","embeddable":true,"href":"https:\/\/eldiariodesanpedro.com.ar\/sitio\/wp-json\/wp\/v2\/tags?post=31600"}],"curies":[{"name":"wp","href":"https:\/\/api.w.org\/{rel}","templated":true}]}}