{"id":31597,"date":"2018-04-13T18:42:09","date_gmt":"2018-04-13T21:42:09","guid":{"rendered":"https:\/\/eldiariodesanpedro.com.ar\/sitio\/?p=31597"},"modified":"2018-04-13T18:42:09","modified_gmt":"2018-04-13T21:42:09","slug":"el-intendente-recibio-al-procurador-general-dr-julio-conte-grand","status":"publish","type":"post","link":"https:\/\/eldiariodesanpedro.com.ar\/sitio\/el-intendente-recibio-al-procurador-general-dr-julio-conte-grand\/","title":{"rendered":"El Intendente recibi\u00f3 al Procurador General Dr. Julio Conte Grand"},"content":{"rendered":"<p><!-- VideographyWP Plugin Message: Automatic video embedding prevented by plugin options. --><br \/>\nEl Intendente Cecilio Salazar junto al Secretario de Coordinaci\u00f3n Ram\u00f3n Salazar y al Secretario de Gobierno Silvio Corti, recibi\u00f3 esta ma\u00f1ana en su despacho al Dr. Julio Marcelo Conte Grand, Procurador General de la Suprema Corte de Justicia de la Provincia de Buenos Aires quien se encuentra en nuestra ciudad para una charla que tuvo lugar esta tarde en el Sal\u00f3n H\u00e9ctor Padula del Centro de Comercio e Industria.<\/p>\n<p>El funcionario acompa\u00f1ado del Fiscal General Departamental H\u00e9ctor Tan\u00fas adelanto al Jefe Comunal detalles de la presentaci\u00f3n que se realiza sobre el Plan Estrat\u00e9gico 2018\/2027 de la Pol\u00edtica Criminal, junto a Fiscales Generales, Defensores Generales, Asesores de Menores y Fiscales Departamentales de La Plata, Mercedes, Pergamino, Z\u00e1rate, Campana y San Nicol\u00e1s.<\/p>\n","protected":false},"excerpt":{"rendered":"<p>El Intendente Cecilio Salazar junto al Secretario de Coordinaci\u00f3n Ram\u00f3n Salazar y al Secretario de Gobierno Silvio Corti, recibi\u00f3 esta ma\u00f1ana en su despacho al Dr. Julio Marcelo Conte Grand, Procurador General de la Suprema Corte de Justicia de la Provincia de Buenos Aires quien se encuentra en nuestra ciudad para una charla que tuvo [&hellip;]<\/p>\n","protected":false},"author":4,"featured_media":31598,"comment_status":"open","ping_status":"closed","sticky":false,"template":"","format":"standard","meta":{"om_disable_all_campaigns":false,"_jetpack_memberships_contains_paid_content":false,"footnotes":""},"categories":[2,102],"tags":[],"class_list":["post-31597","post","type-post","status-publish","format-standard","has-post-thumbnail","hentry","category-locales","category-politica-locales"],"aioseo_notices":[],"gutentor_comment":0,"jetpack_featured_media_url":"https:\/\/eldiariodesanpedro.com.ar\/sitio\/wp-content\/uploads\/2018\/04\/procurador.png","jetpack_shortlink":"https:\/\/wp.me\/p6RhLt-8dD","jetpack_sharing_enabled":true,"_links":{"self":[{"href":"https:\/\/eldiariodesanpedro.com.ar\/sitio\/wp-json\/wp\/v2\/posts\/31597","targetHints":{"allow":["GET"]}}],"collection":[{"href":"https:\/\/eldiariodesanpedro.com.ar\/sitio\/wp-json\/wp\/v2\/posts"}],"about":[{"href":"https:\/\/eldiariodesanpedro.com.ar\/sitio\/wp-json\/wp\/v2\/types\/post"}],"author":[{"embeddable":true,"href":"https:\/\/eldiariodesanpedro.com.ar\/sitio\/wp-json\/wp\/v2\/users\/4"}],"replies":[{"embeddable":true,"href":"https:\/\/eldiariodesanpedro.com.ar\/sitio\/wp-json\/wp\/v2\/comments?post=31597"}],"version-history":[{"count":1,"href":"https:\/\/eldiariodesanpedro.com.ar\/sitio\/wp-json\/wp\/v2\/posts\/31597\/revisions"}],"predecessor-version":[{"id":31599,"href":"https:\/\/eldiariodesanpedro.com.ar\/sitio\/wp-json\/wp\/v2\/posts\/31597\/revisions\/31599"}],"wp:featuredmedia":[{"embeddable":true,"href":"https:\/\/eldiariodesanpedro.com.ar\/sitio\/wp-json\/wp\/v2\/media\/31598"}],"wp:attachment":[{"href":"https:\/\/eldiariodesanpedro.com.ar\/sitio\/wp-json\/wp\/v2\/media?parent=31597"}],"wp:term":[{"taxonomy":"category","embeddable":true,"href":"https:\/\/eldiariodesanpedro.com.ar\/sitio\/wp-json\/wp\/v2\/categories?post=31597"},{"taxonomy":"post_tag","embeddable":true,"href":"https:\/\/eldiariodesanpedro.com.ar\/sitio\/wp-json\/wp\/v2\/tags?post=31597"}],"curies":[{"name":"wp","href":"https:\/\/api.w.org\/{rel}","templated":true}]}}