{"id":31594,"date":"2018-04-13T18:31:52","date_gmt":"2018-04-13T21:31:52","guid":{"rendered":"https:\/\/eldiariodesanpedro.com.ar\/sitio\/?p=31594"},"modified":"2018-04-13T18:31:52","modified_gmt":"2018-04-13T21:31:52","slug":"baraybar-no-creo-que-importe-si-alguien-se-equivoco-al-votar-si-creo-que-siempre-hay-posibilidad-de-cambiar-el-voto","status":"publish","type":"post","link":"https:\/\/eldiariodesanpedro.com.ar\/sitio\/baraybar-no-creo-que-importe-si-alguien-se-equivoco-al-votar-si-creo-que-siempre-hay-posibilidad-de-cambiar-el-voto\/","title":{"rendered":"Baraybar:  \u201cNo creo que importe si alguien se equivoc\u00f3 al votar, s\u00ed creo que siempre hay posibilidad de cambiar el voto\u00bb"},"content":{"rendered":"<p><!-- VideographyWP Plugin Message: Automatic video embedding prevented by plugin options. --><br \/>\nEl jueves durante el mediod\u00eda, El Diario de San Pedro realiz\u00f3 una nota al Concejal Mart\u00edn Baraybar, quien inform\u00f3 sobre las \u00faltimos proyectos presentados en el HCD desde su bloque del Frente para la Victoria \u2013 Unidad Ciudadana. Entre ellos el proyecto de Emergencia Tarifaria.<\/p>\n<p>  Baraybar nos cuenta que han trabajado desde diferentes \u00e1reas tem\u00e1ticas los proyectos que creen que hacen falta a San Pedro.<\/p>\n<p>Proyecto de inserci\u00f3n laboral para mujeres v\u00edctimas de violencia de g\u00e9nero<br \/>\n  Uno de los grandes problemas de las v\u00edctimas es poder salir del c\u00edrculo en el que se encuentran sumergidas y, para poder salir necesita, entre otras cosas, de un trabajo.<br \/>\n  \u201cPara este proyecto buscamos experiencias en otros municipios en que se haya hecho\u201d manifest\u00f3 el Concejal. Y explic\u00f3 que existir\u00edan b\u00e1sicamente dos registros reservados, uno de comercios que quieran adherirse al programa y, otro registro de mujeres v\u00edctimas que necesitan una salida laboral.<br \/>\n  \u201cEntendemos que el Estado local debe trabajar en el tema y creemos que es la Secretar\u00eda de Desarrollo Humano el \u00e1rea a la que le compete este proyecto, para ayudar a crear este v\u00ednculo laboral en beneficio de las v\u00edctimas\u201d asegur\u00f3 y continu\u00f3: \u201cTambi\u00e9n el Municipio debe poner su parte para que esto se d\u00e9 y funcione. Entonces, planteamos que el Municipio haga una reducci\u00f3n en las tasas municipales a aquellos comercios o empresas que tomen a una v\u00edctima de violencia de g\u00e9nero que se encuentre dentro de este programa\u201d.<br \/>\n  En el proyecto se plantean varias categor\u00edas para el descuento en las tasas de acuerdo al tama\u00f1o de la empresa, Baraybar cuenta que lo que buscan es comprometer a los comerciantes y al Estado mismo en solucionar un problema dando una herramienta m\u00e1s, ya que la violencia de g\u00e9nero es un problema que se debe tratar desde diferentes lugares.<br \/>\n  Recalca que los registros deben ser reservados y de uso exclusivo de la Secretar\u00eda para preservar a esa mujer y al empleador.<br \/>\nPara las v\u00edctimas de este flagelo, el sustento econ\u00f3mico es uno de los principales escollos a sortear, luego por supuesto, de ser v\u00edctima del maltrato.<br \/>\n  Para finalizar, sostuvo que esta ser\u00eda una herramienta m\u00e1s que debe ser coordinada con otras herramientas que el Estado tiene, buscando lograr la independencia econ\u00f3mica, para que esta mujer pueda solventar su vida sin tener que soportar nunca m\u00e1s la violencia econ\u00f3mica. <\/p>\n<p>Proyecto de Emergencia tarifaria<br \/>\n  El concejal explica que, ya es por todos conocida la situaci\u00f3n que se vive a nivel local, provincial y nacional en cuanto a la cuesti\u00f3n tarifaria. \u201cVenimos de dos a\u00f1os con grandes aumentos en tarifas de luz, gas, etc. provocando que la situaci\u00f3n de nuestros vecinos se haga muy dif\u00edcil. Comercios cerrados, familias en riesgo, todo tiene que ver con aumento de tarifas, de tasas municipales, entre otros\u201d refiri\u00f3.<br \/>\n  Desde el bloque del FPV \u2013 Unidad Ciudadana consideran que, declarar la Emergencia tarifaria para todas las tarifas de servicios b\u00e1sicos es una herramienta que puede hacerle ver a la Gobernadora y al Presidente que han elegido un camino equivocado respecto de las tarifas.<br \/>\n  En el proyecto tambi\u00e9n piden al Intendente que genere reuniones con la Gobernadora y equipo para charlar con ella y entienda que, adem\u00e1s, debe rever la cuesti\u00f3n impositiva de las facturas de la luz y de los servicios, ya que gran parte de la factura son impuestos provinciales, nacionales, etc. explic\u00f3 Baraybar. <\/p>\n<p>  Ambos proyectos entraron ya en sesi\u00f3n a las diferentes comisiones y, esperan que la semana entrante puedan reunirse a trabajar sobre ellos para hacer el cambio lo antes posible, llevarlos a sesi\u00f3n y debatirlos en el HCD y, si el resto de los bloques lo entiende, poder aprobarlo y brindar estas herramientas: el registro de mujeres, el programa de inserci\u00f3n y la emergencia tarifaria. \u201cSon cuestiones que traen consecuencias muy graves y queremos que se trate de manera urgente en el HCD, porque la ciudadan\u00eda nos demanda\u201d asever\u00f3 el Concejal.   <\/p>\n<p>  Al consultarle sobre qu\u00e9 opina de la situaci\u00f3n actual, el Concejal coment\u00f3 que ellos ve\u00edan que esto iba a suceder.<br \/>\n \u201cNo creo que importe si alguien se equivoc\u00f3 al votar, s\u00ed creo que siempre hay posibilidad de cambiar el voto. La responsabilidad es del Gobierno que dijo que iba a hacer una cosa y ahora est\u00e1 haciendo otra. Pero el a\u00f1o que viene habr\u00e1 elecciones nuevamente y habr\u00e1 propuestas nuevas, diferentes. Esperemos que quienes enga\u00f1aron sean castigados por el voto del pueblo\u201d sentenci\u00f3.<br \/>\n  Luego dijo: \u201cHay problemas urgentes que atacar y solucionar, no importa a quien vot\u00f3 el vecino y si hizo bien o mal, importa buscarle soluciones. Presentaremos la mejor propuesta para que los vecinos entiendan que somos una opci\u00f3n posible de gobierno y podemos solucionar los problemas\u201d finaliz\u00f3.<\/p>\n<div class=\"fb-video\" data-allowfullscreen=\"true\" data-href=\"https:\/\/www.facebook.com\/eldiario.desanpedro\/videos\/754520758090399\/\" style=\"background-color: #fff; display: inline-block;\"><\/div>\n","protected":false},"excerpt":{"rendered":"<p>El jueves durante el mediod\u00eda, El Diario de San Pedro realiz\u00f3 una nota al Concejal Mart\u00edn Baraybar, quien inform\u00f3 sobre las \u00faltimos proyectos presentados en el HCD desde su bloque del Frente para la Victoria \u2013 Unidad Ciudadana. Entre ellos el proyecto de Emergencia Tarifaria. Baraybar nos cuenta que han trabajado desde diferentes \u00e1reas tem\u00e1ticas [&hellip;]<\/p>\n","protected":false},"author":4,"featured_media":31595,"comment_status":"open","ping_status":"closed","sticky":false,"template":"","format":"standard","meta":{"om_disable_all_campaigns":false,"_jetpack_memberships_contains_paid_content":false,"footnotes":""},"categories":[50,2,102],"tags":[],"class_list":["post-31594","post","type-post","status-publish","format-standard","has-post-thumbnail","hentry","category-destacadas","category-locales","category-politica-locales"],"aioseo_notices":[],"gutentor_comment":0,"jetpack_featured_media_url":"https:\/\/eldiariodesanpedro.com.ar\/sitio\/wp-content\/uploads\/2018\/04\/PAGINA-2-1-e1523655042405.jpg","jetpack_shortlink":"https:\/\/wp.me\/p6RhLt-8dA","jetpack_sharing_enabled":true,"_links":{"self":[{"href":"https:\/\/eldiariodesanpedro.com.ar\/sitio\/wp-json\/wp\/v2\/posts\/31594","targetHints":{"allow":["GET"]}}],"collection":[{"href":"https:\/\/eldiariodesanpedro.com.ar\/sitio\/wp-json\/wp\/v2\/posts"}],"about":[{"href":"https:\/\/eldiariodesanpedro.com.ar\/sitio\/wp-json\/wp\/v2\/types\/post"}],"author":[{"embeddable":true,"href":"https:\/\/eldiariodesanpedro.com.ar\/sitio\/wp-json\/wp\/v2\/users\/4"}],"replies":[{"embeddable":true,"href":"https:\/\/eldiariodesanpedro.com.ar\/sitio\/wp-json\/wp\/v2\/comments?post=31594"}],"version-history":[{"count":1,"href":"https:\/\/eldiariodesanpedro.com.ar\/sitio\/wp-json\/wp\/v2\/posts\/31594\/revisions"}],"predecessor-version":[{"id":31596,"href":"https:\/\/eldiariodesanpedro.com.ar\/sitio\/wp-json\/wp\/v2\/posts\/31594\/revisions\/31596"}],"wp:featuredmedia":[{"embeddable":true,"href":"https:\/\/eldiariodesanpedro.com.ar\/sitio\/wp-json\/wp\/v2\/media\/31595"}],"wp:attachment":[{"href":"https:\/\/eldiariodesanpedro.com.ar\/sitio\/wp-json\/wp\/v2\/media?parent=31594"}],"wp:term":[{"taxonomy":"category","embeddable":true,"href":"https:\/\/eldiariodesanpedro.com.ar\/sitio\/wp-json\/wp\/v2\/categories?post=31594"},{"taxonomy":"post_tag","embeddable":true,"href":"https:\/\/eldiariodesanpedro.com.ar\/sitio\/wp-json\/wp\/v2\/tags?post=31594"}],"curies":[{"name":"wp","href":"https:\/\/api.w.org\/{rel}","templated":true}]}}