{"id":31590,"date":"2018-04-13T18:08:54","date_gmt":"2018-04-13T21:08:54","guid":{"rendered":"https:\/\/eldiariodesanpedro.com.ar\/sitio\/?p=31590"},"modified":"2018-04-13T18:09:39","modified_gmt":"2018-04-13T21:09:39","slug":"una-mujer-perdio-el-conocimiento-al-caer-de-su-bicicleta-tras-ser-atacada-por-perros","status":"publish","type":"post","link":"https:\/\/eldiariodesanpedro.com.ar\/sitio\/una-mujer-perdio-el-conocimiento-al-caer-de-su-bicicleta-tras-ser-atacada-por-perros\/","title":{"rendered":"Una mujer perdi\u00f3 el conocimiento al caer de su bicicleta tras ser atacada por perros"},"content":{"rendered":"<p><!-- VideographyWP Plugin Message: Automatic video embedding prevented by plugin options. --><br \/>\nNuevamente ocurri\u00f3 un hecho donde se produjo un grave accidente provocado por perros mordedores, en este caso una mujer que circulaba en bicicleta.<\/p>\n<p>Este jueves alrededor de las 9 hs, una mujer de 35 a\u00f1os, circulaba en su bicicleta sobre calle 25 de Mayo, en pleno centro de nuestra ciudad, cuando fue ataca por 3 grandes perros que intentan morderla cuando ella decide maniobrar con su bicicleta y fue cuando cae al piso fuertemente, golpeando su cabeza contra el pavimento donde pierde el conocimiento por unas horas.<\/p>\n<p>La victima fue trasladada al Hospital de nuestra ciudad donde deciden internarla en observaci\u00f3n y hacerle una tomograf\u00eda ya que presentaba un corte en su cabeza, este viernes por la ma\u00f1ana fue dada de alta.<\/p>\n<p>\u201cTiene que hacer reposo, por suerte fueron heridas que se puede recuperar. No queremos hacer la denuncia. Los perros son de una se\u00f1ora que andan siempre con ella en la calle, que cuando vio que sus perros atacaban a mi hija no hizo absolutamente nada, que una vez se los sacaron y ahora vuelven a morder. No van hacer nada, parece que les da l\u00e1stima. Gracias a Dios no paso a mayores\u00bb, nos comento su madre en dialogo con el Diario de San Pedro. <\/p>\n","protected":false},"excerpt":{"rendered":"<p>Nuevamente ocurri\u00f3 un hecho donde se produjo un grave accidente provocado por perros mordedores, en este caso una mujer que circulaba en bicicleta. Este jueves alrededor de las 9 hs, una mujer de 35 a\u00f1os, circulaba en su bicicleta sobre calle 25 de Mayo, en pleno centro de nuestra ciudad, cuando fue ataca por 3 [&hellip;]<\/p>\n","protected":false},"author":4,"featured_media":31591,"comment_status":"open","ping_status":"closed","sticky":false,"template":"","format":"standard","meta":{"om_disable_all_campaigns":false,"_jetpack_memberships_contains_paid_content":false,"footnotes":""},"categories":[2,103],"tags":[],"class_list":["post-31590","post","type-post","status-publish","format-standard","has-post-thumbnail","hentry","category-locales","category-policiales-locales"],"aioseo_notices":[],"gutentor_comment":0,"jetpack_featured_media_url":"https:\/\/eldiariodesanpedro.com.ar\/sitio\/wp-content\/uploads\/2018\/04\/Lesiones-por-mordedura-de-perro.jpg","jetpack_shortlink":"https:\/\/wp.me\/p6RhLt-8dw","jetpack_sharing_enabled":true,"_links":{"self":[{"href":"https:\/\/eldiariodesanpedro.com.ar\/sitio\/wp-json\/wp\/v2\/posts\/31590","targetHints":{"allow":["GET"]}}],"collection":[{"href":"https:\/\/eldiariodesanpedro.com.ar\/sitio\/wp-json\/wp\/v2\/posts"}],"about":[{"href":"https:\/\/eldiariodesanpedro.com.ar\/sitio\/wp-json\/wp\/v2\/types\/post"}],"author":[{"embeddable":true,"href":"https:\/\/eldiariodesanpedro.com.ar\/sitio\/wp-json\/wp\/v2\/users\/4"}],"replies":[{"embeddable":true,"href":"https:\/\/eldiariodesanpedro.com.ar\/sitio\/wp-json\/wp\/v2\/comments?post=31590"}],"version-history":[{"count":2,"href":"https:\/\/eldiariodesanpedro.com.ar\/sitio\/wp-json\/wp\/v2\/posts\/31590\/revisions"}],"predecessor-version":[{"id":31593,"href":"https:\/\/eldiariodesanpedro.com.ar\/sitio\/wp-json\/wp\/v2\/posts\/31590\/revisions\/31593"}],"wp:featuredmedia":[{"embeddable":true,"href":"https:\/\/eldiariodesanpedro.com.ar\/sitio\/wp-json\/wp\/v2\/media\/31591"}],"wp:attachment":[{"href":"https:\/\/eldiariodesanpedro.com.ar\/sitio\/wp-json\/wp\/v2\/media?parent=31590"}],"wp:term":[{"taxonomy":"category","embeddable":true,"href":"https:\/\/eldiariodesanpedro.com.ar\/sitio\/wp-json\/wp\/v2\/categories?post=31590"},{"taxonomy":"post_tag","embeddable":true,"href":"https:\/\/eldiariodesanpedro.com.ar\/sitio\/wp-json\/wp\/v2\/tags?post=31590"}],"curies":[{"name":"wp","href":"https:\/\/api.w.org\/{rel}","templated":true}]}}