{"id":31587,"date":"2018-04-13T18:00:58","date_gmt":"2018-04-13T21:00:58","guid":{"rendered":"https:\/\/eldiariodesanpedro.com.ar\/sitio\/?p=31587"},"modified":"2018-04-13T18:00:58","modified_gmt":"2018-04-13T21:00:58","slug":"un-nuevo-robo-de-una-motocicleta-en-esta-oportunidad-dentro-de-una-casa","status":"publish","type":"post","link":"https:\/\/eldiariodesanpedro.com.ar\/sitio\/un-nuevo-robo-de-una-motocicleta-en-esta-oportunidad-dentro-de-una-casa\/","title":{"rendered":"Un nuevo robo de una motocicleta, en esta oportunidad dentro de una casa"},"content":{"rendered":"<p><!-- VideographyWP Plugin Message: Automatic video embedding prevented by plugin options. --><br \/>\nContin\u00faan los hechos delictivos en la ciudad, en esta oportunidad ocurri\u00f3 en un domicilio en horas de la madrugada donde los delincuentes se llevaron una motocicleta.<br \/>\nLe hecho tuvo lugar en calle Alvarado al 400 en horas de la madrugada del viernes, donde delincuentes ignorados ingresaron a un domicilio tras violentar con una barreta o similar un port\u00f3n, en el lugar se encontraba una motocicleta Mondial Dax 70 cc la cual fue sustra\u00edda por estos malvivientes.<br \/>\nSeg\u00fan pudimos dialogar con la propietaria el robo ocurri\u00f3 mientras ellos dorm\u00edan por lo que no sintieron ruido y se percataron del faltante en la ma\u00f1ana, ademas comento en esa cuadra en lo que va del a\u00f1o se van registrando varios il\u00edcitos.<\/p>\n","protected":false},"excerpt":{"rendered":"<p>Contin\u00faan los hechos delictivos en la ciudad, en esta oportunidad ocurri\u00f3 en un domicilio en horas de la madrugada donde los delincuentes se llevaron una motocicleta. Le hecho tuvo lugar en calle Alvarado al 400 en horas de la madrugada del viernes, donde delincuentes ignorados ingresaron a un domicilio tras violentar con una barreta o [&hellip;]<\/p>\n","protected":false},"author":4,"featured_media":31588,"comment_status":"open","ping_status":"closed","sticky":false,"template":"","format":"standard","meta":{"om_disable_all_campaigns":false,"_jetpack_memberships_contains_paid_content":false,"footnotes":""},"categories":[2,103],"tags":[],"class_list":["post-31587","post","type-post","status-publish","format-standard","has-post-thumbnail","hentry","category-locales","category-policiales-locales"],"aioseo_notices":[],"gutentor_comment":0,"jetpack_featured_media_url":"https:\/\/eldiariodesanpedro.com.ar\/sitio\/wp-content\/uploads\/2018\/04\/PAGINA-3-1.jpeg","jetpack_shortlink":"https:\/\/wp.me\/p6RhLt-8dt","jetpack_sharing_enabled":true,"_links":{"self":[{"href":"https:\/\/eldiariodesanpedro.com.ar\/sitio\/wp-json\/wp\/v2\/posts\/31587","targetHints":{"allow":["GET"]}}],"collection":[{"href":"https:\/\/eldiariodesanpedro.com.ar\/sitio\/wp-json\/wp\/v2\/posts"}],"about":[{"href":"https:\/\/eldiariodesanpedro.com.ar\/sitio\/wp-json\/wp\/v2\/types\/post"}],"author":[{"embeddable":true,"href":"https:\/\/eldiariodesanpedro.com.ar\/sitio\/wp-json\/wp\/v2\/users\/4"}],"replies":[{"embeddable":true,"href":"https:\/\/eldiariodesanpedro.com.ar\/sitio\/wp-json\/wp\/v2\/comments?post=31587"}],"version-history":[{"count":1,"href":"https:\/\/eldiariodesanpedro.com.ar\/sitio\/wp-json\/wp\/v2\/posts\/31587\/revisions"}],"predecessor-version":[{"id":31589,"href":"https:\/\/eldiariodesanpedro.com.ar\/sitio\/wp-json\/wp\/v2\/posts\/31587\/revisions\/31589"}],"wp:featuredmedia":[{"embeddable":true,"href":"https:\/\/eldiariodesanpedro.com.ar\/sitio\/wp-json\/wp\/v2\/media\/31588"}],"wp:attachment":[{"href":"https:\/\/eldiariodesanpedro.com.ar\/sitio\/wp-json\/wp\/v2\/media?parent=31587"}],"wp:term":[{"taxonomy":"category","embeddable":true,"href":"https:\/\/eldiariodesanpedro.com.ar\/sitio\/wp-json\/wp\/v2\/categories?post=31587"},{"taxonomy":"post_tag","embeddable":true,"href":"https:\/\/eldiariodesanpedro.com.ar\/sitio\/wp-json\/wp\/v2\/tags?post=31587"}],"curies":[{"name":"wp","href":"https:\/\/api.w.org\/{rel}","templated":true}]}}