{"id":31585,"date":"2018-04-13T17:51:18","date_gmt":"2018-04-13T20:51:18","guid":{"rendered":"https:\/\/eldiariodesanpedro.com.ar\/sitio\/?p=31585"},"modified":"2018-04-13T17:51:18","modified_gmt":"2018-04-13T20:51:18","slug":"un-joven-herido-por-un-arma-de-fuego-en-la-tosquera","status":"publish","type":"post","link":"https:\/\/eldiariodesanpedro.com.ar\/sitio\/un-joven-herido-por-un-arma-de-fuego-en-la-tosquera\/","title":{"rendered":"Un joven herido por un arma de fuego en La Tosquera"},"content":{"rendered":"<p><!-- VideographyWP Plugin Message: Automatic video embedding prevented by plugin options. --><br \/>\nEste jueves en horas de la tarde en la zona de La Tosquera se recibi\u00f3 una denuncia por parte de un joven de 19 a\u00f1os de edad, quien declar\u00f3 que se encontraba caminando por la bajada de esa localidad  en inmediaciones de la escuela cuando es abordado por otro masculino quien le exhibe una carabina apuntando en su direcci\u00f3n y efectuando disparos hacia su persona.<br \/>\nComo consecuencia de los disparos el joven debi\u00f3 ser trasladado al hospital Emilio Ruffa donde en el medico de guardia dictamino escoriaciones en muslo y lesiones de car\u00e1cter leves.<\/p>\n","protected":false},"excerpt":{"rendered":"<p>Este jueves en horas de la tarde en la zona de La Tosquera se recibi\u00f3 una denuncia por parte de un joven de 19 a\u00f1os de edad, quien declar\u00f3 que se encontraba caminando por la bajada de esa localidad en inmediaciones de la escuela cuando es abordado por otro masculino quien le exhibe una carabina [&hellip;]<\/p>\n","protected":false},"author":4,"featured_media":25808,"comment_status":"open","ping_status":"closed","sticky":false,"template":"","format":"standard","meta":{"om_disable_all_campaigns":false,"_jetpack_memberships_contains_paid_content":false,"footnotes":""},"categories":[2,103],"tags":[],"class_list":["post-31585","post","type-post","status-publish","format-standard","has-post-thumbnail","hentry","category-locales","category-policiales-locales"],"aioseo_notices":[],"gutentor_comment":0,"jetpack_featured_media_url":"https:\/\/eldiariodesanpedro.com.ar\/sitio\/wp-content\/uploads\/2017\/11\/Los-accidentados-fueron-derivados-a-la-Guardia.jpg","jetpack_shortlink":"https:\/\/wp.me\/p6RhLt-8dr","jetpack_sharing_enabled":true,"_links":{"self":[{"href":"https:\/\/eldiariodesanpedro.com.ar\/sitio\/wp-json\/wp\/v2\/posts\/31585","targetHints":{"allow":["GET"]}}],"collection":[{"href":"https:\/\/eldiariodesanpedro.com.ar\/sitio\/wp-json\/wp\/v2\/posts"}],"about":[{"href":"https:\/\/eldiariodesanpedro.com.ar\/sitio\/wp-json\/wp\/v2\/types\/post"}],"author":[{"embeddable":true,"href":"https:\/\/eldiariodesanpedro.com.ar\/sitio\/wp-json\/wp\/v2\/users\/4"}],"replies":[{"embeddable":true,"href":"https:\/\/eldiariodesanpedro.com.ar\/sitio\/wp-json\/wp\/v2\/comments?post=31585"}],"version-history":[{"count":1,"href":"https:\/\/eldiariodesanpedro.com.ar\/sitio\/wp-json\/wp\/v2\/posts\/31585\/revisions"}],"predecessor-version":[{"id":31586,"href":"https:\/\/eldiariodesanpedro.com.ar\/sitio\/wp-json\/wp\/v2\/posts\/31585\/revisions\/31586"}],"wp:featuredmedia":[{"embeddable":true,"href":"https:\/\/eldiariodesanpedro.com.ar\/sitio\/wp-json\/wp\/v2\/media\/25808"}],"wp:attachment":[{"href":"https:\/\/eldiariodesanpedro.com.ar\/sitio\/wp-json\/wp\/v2\/media?parent=31585"}],"wp:term":[{"taxonomy":"category","embeddable":true,"href":"https:\/\/eldiariodesanpedro.com.ar\/sitio\/wp-json\/wp\/v2\/categories?post=31585"},{"taxonomy":"post_tag","embeddable":true,"href":"https:\/\/eldiariodesanpedro.com.ar\/sitio\/wp-json\/wp\/v2\/tags?post=31585"}],"curies":[{"name":"wp","href":"https:\/\/api.w.org\/{rel}","templated":true}]}}