{"id":31583,"date":"2018-04-13T17:48:24","date_gmt":"2018-04-13T20:48:24","guid":{"rendered":"https:\/\/eldiariodesanpedro.com.ar\/sitio\/?p=31583"},"modified":"2018-04-13T17:48:24","modified_gmt":"2018-04-13T20:48:24","slug":"un-delincuente-aprehendido-cuando-robaba-una-casa","status":"publish","type":"post","link":"https:\/\/eldiariodesanpedro.com.ar\/sitio\/un-delincuente-aprehendido-cuando-robaba-una-casa\/","title":{"rendered":"Un delincuente aprehendido cuando robaba una casa"},"content":{"rendered":"<p><!-- VideographyWP Plugin Message: Automatic video embedding prevented by plugin options. --><br \/>\nEste viernes por la ma\u00f1ana, el personal policial de nuestra ciudad procedi\u00f3 a la aprehensi\u00f3n de masculino de 21 a\u00f1os con frondosos antecedentes delictivos, en calle Cruz Roja N\u00b0 1100, quien se hallaba en interior de vivienda mencionada, propiedad de ciudadano de 31 a\u00f1os, tras haber da\u00f1ado puerta de ingreso principal. <\/p>\n<p>Al momento de la llegada del m\u00f3vil fue reducido y en el lugar se encontraban los elementos que hab\u00eda preparado para llevarse. El delincuente fue alojado en la comisaria local y se espera la resoluci\u00f3n del juez de garant\u00edas tras su declaraci\u00f3n.<\/p>\n","protected":false},"excerpt":{"rendered":"<p>Este viernes por la ma\u00f1ana, el personal policial de nuestra ciudad procedi\u00f3 a la aprehensi\u00f3n de masculino de 21 a\u00f1os con frondosos antecedentes delictivos, en calle Cruz Roja N\u00b0 1100, quien se hallaba en interior de vivienda mencionada, propiedad de ciudadano de 31 a\u00f1os, tras haber da\u00f1ado puerta de ingreso principal. Al momento de la [&hellip;]<\/p>\n","protected":false},"author":4,"featured_media":23953,"comment_status":"open","ping_status":"closed","sticky":false,"template":"","format":"standard","meta":{"om_disable_all_campaigns":false,"_jetpack_memberships_contains_paid_content":false,"footnotes":""},"categories":[2,103],"tags":[],"class_list":["post-31583","post","type-post","status-publish","format-standard","has-post-thumbnail","hentry","category-locales","category-policiales-locales"],"aioseo_notices":[],"gutentor_comment":0,"jetpack_featured_media_url":"https:\/\/eldiariodesanpedro.com.ar\/sitio\/wp-content\/uploads\/2017\/10\/camioneta-policia.jpg","jetpack_shortlink":"https:\/\/wp.me\/p6RhLt-8dp","jetpack_sharing_enabled":true,"_links":{"self":[{"href":"https:\/\/eldiariodesanpedro.com.ar\/sitio\/wp-json\/wp\/v2\/posts\/31583","targetHints":{"allow":["GET"]}}],"collection":[{"href":"https:\/\/eldiariodesanpedro.com.ar\/sitio\/wp-json\/wp\/v2\/posts"}],"about":[{"href":"https:\/\/eldiariodesanpedro.com.ar\/sitio\/wp-json\/wp\/v2\/types\/post"}],"author":[{"embeddable":true,"href":"https:\/\/eldiariodesanpedro.com.ar\/sitio\/wp-json\/wp\/v2\/users\/4"}],"replies":[{"embeddable":true,"href":"https:\/\/eldiariodesanpedro.com.ar\/sitio\/wp-json\/wp\/v2\/comments?post=31583"}],"version-history":[{"count":1,"href":"https:\/\/eldiariodesanpedro.com.ar\/sitio\/wp-json\/wp\/v2\/posts\/31583\/revisions"}],"predecessor-version":[{"id":31584,"href":"https:\/\/eldiariodesanpedro.com.ar\/sitio\/wp-json\/wp\/v2\/posts\/31583\/revisions\/31584"}],"wp:featuredmedia":[{"embeddable":true,"href":"https:\/\/eldiariodesanpedro.com.ar\/sitio\/wp-json\/wp\/v2\/media\/23953"}],"wp:attachment":[{"href":"https:\/\/eldiariodesanpedro.com.ar\/sitio\/wp-json\/wp\/v2\/media?parent=31583"}],"wp:term":[{"taxonomy":"category","embeddable":true,"href":"https:\/\/eldiariodesanpedro.com.ar\/sitio\/wp-json\/wp\/v2\/categories?post=31583"},{"taxonomy":"post_tag","embeddable":true,"href":"https:\/\/eldiariodesanpedro.com.ar\/sitio\/wp-json\/wp\/v2\/tags?post=31583"}],"curies":[{"name":"wp","href":"https:\/\/api.w.org\/{rel}","templated":true}]}}