{"id":31580,"date":"2018-04-13T17:25:26","date_gmt":"2018-04-13T20:25:26","guid":{"rendered":"https:\/\/eldiariodesanpedro.com.ar\/sitio\/?p=31580"},"modified":"2018-04-13T17:25:26","modified_gmt":"2018-04-13T20:25:26","slug":"escobar-desbaratan-una-banda-narco-en-maquinista-savio","status":"publish","type":"post","link":"https:\/\/eldiariodesanpedro.com.ar\/sitio\/escobar-desbaratan-una-banda-narco-en-maquinista-savio\/","title":{"rendered":"ESCOBAR: Desbaratan una banda narco en Maquinista Savio"},"content":{"rendered":"<p><!-- VideographyWP Plugin Message: Automatic video embedding prevented by plugin options. --><br \/>\nLa Secretar\u00eda de Seguridad y Prevenci\u00f3n Comunitaria de la Municipalidad de Escobar inform\u00f3 la detenci\u00f3n de cuatro personas que integraban una banda narco y la incautaci\u00f3n de 358 dosis de coca\u00edna y 26 envoltorios de marihuana, entre otros elementos, luego de cinco allanamientos realizados en la localidad de Maquinista Savio.<\/p>\n<p>A partir una denuncia an\u00f3nima recibida en el 0800 dispuesto por la gesti\u00f3n del intendente Ariel Sujarchuk para combatir el narcotr\u00e1fico, los procedimientos se produjeron de manera simult\u00e1nea en distintos domicilios del barrio Obejero en la noche del mi\u00e9rcoles. Como resultado, se logr\u00f3 desbaratar una banda narco integrada por cinco personas mayores de edad, tres hombres y dos mujeres, todos ellos detenidos. Al mismo tiempo, se incautaron 358 dosis de coca\u00edna y 26 envoltorios de marihuana, listos para ser comercializados, y se secuestraron siete tel\u00e9fonos celulares y $7620 en efectivo.<\/p>\n<p>Los allanamientos estuvieron a cargo de efectivos del Gabinete Criminol\u00f3gico de la comisar\u00eda 4\u00aa de Escobar, de manera conjunta con personal de la Delegaci\u00f3n de Investigaci\u00f3n de Drogas Il\u00edcitas y Crimen Organizado de la departamental Z\u00e1rate-Campana.<\/p>\n<p>Tom\u00f3 intervenci\u00f3n en la causa la fiscal\u00eda tem\u00e1tica de droga con asiento en Campana, a cargo del doctor Iv\u00e1n Cei, quien dispuso la notificaci\u00f3n a los aprehendidos por infracci\u00f3n a la Ley 23737, sobre \u201ctenencia de estupefacientes para su comercializaci\u00f3n\u201d.<\/p>\n<p>Fuente: Escobar News<\/p>\n","protected":false},"excerpt":{"rendered":"<p>La Secretar\u00eda de Seguridad y Prevenci\u00f3n Comunitaria de la Municipalidad de Escobar inform\u00f3 la detenci\u00f3n de cuatro personas que integraban una banda narco y la incautaci\u00f3n de 358 dosis de coca\u00edna y 26 envoltorios de marihuana, entre otros elementos, luego de cinco allanamientos realizados en la localidad de Maquinista Savio. A partir una denuncia an\u00f3nima [&hellip;]<\/p>\n","protected":false},"author":4,"featured_media":31581,"comment_status":"open","ping_status":"closed","sticky":false,"template":"","format":"standard","meta":{"om_disable_all_campaigns":false,"_jetpack_memberships_contains_paid_content":false,"footnotes":""},"categories":[621],"tags":[],"class_list":["post-31580","post","type-post","status-publish","format-standard","has-post-thumbnail","hentry","category-regionales"],"aioseo_notices":[],"gutentor_comment":0,"jetpack_featured_media_url":"https:\/\/eldiariodesanpedro.com.ar\/sitio\/wp-content\/uploads\/2018\/04\/PAGINA-6-DOS-2.jpg","jetpack_shortlink":"https:\/\/wp.me\/p6RhLt-8dm","jetpack_sharing_enabled":true,"_links":{"self":[{"href":"https:\/\/eldiariodesanpedro.com.ar\/sitio\/wp-json\/wp\/v2\/posts\/31580","targetHints":{"allow":["GET"]}}],"collection":[{"href":"https:\/\/eldiariodesanpedro.com.ar\/sitio\/wp-json\/wp\/v2\/posts"}],"about":[{"href":"https:\/\/eldiariodesanpedro.com.ar\/sitio\/wp-json\/wp\/v2\/types\/post"}],"author":[{"embeddable":true,"href":"https:\/\/eldiariodesanpedro.com.ar\/sitio\/wp-json\/wp\/v2\/users\/4"}],"replies":[{"embeddable":true,"href":"https:\/\/eldiariodesanpedro.com.ar\/sitio\/wp-json\/wp\/v2\/comments?post=31580"}],"version-history":[{"count":1,"href":"https:\/\/eldiariodesanpedro.com.ar\/sitio\/wp-json\/wp\/v2\/posts\/31580\/revisions"}],"predecessor-version":[{"id":31582,"href":"https:\/\/eldiariodesanpedro.com.ar\/sitio\/wp-json\/wp\/v2\/posts\/31580\/revisions\/31582"}],"wp:featuredmedia":[{"embeddable":true,"href":"https:\/\/eldiariodesanpedro.com.ar\/sitio\/wp-json\/wp\/v2\/media\/31581"}],"wp:attachment":[{"href":"https:\/\/eldiariodesanpedro.com.ar\/sitio\/wp-json\/wp\/v2\/media?parent=31580"}],"wp:term":[{"taxonomy":"category","embeddable":true,"href":"https:\/\/eldiariodesanpedro.com.ar\/sitio\/wp-json\/wp\/v2\/categories?post=31580"},{"taxonomy":"post_tag","embeddable":true,"href":"https:\/\/eldiariodesanpedro.com.ar\/sitio\/wp-json\/wp\/v2\/tags?post=31580"}],"curies":[{"name":"wp","href":"https:\/\/api.w.org\/{rel}","templated":true}]}}