{"id":31577,"date":"2018-04-13T17:23:00","date_gmt":"2018-04-13T20:23:00","guid":{"rendered":"https:\/\/eldiariodesanpedro.com.ar\/sitio\/?p=31577"},"modified":"2018-04-13T17:23:00","modified_gmt":"2018-04-13T20:23:00","slug":"arrecifes-tres-detenidos-a-la-salida-del-concejo-deliberante","status":"publish","type":"post","link":"https:\/\/eldiariodesanpedro.com.ar\/sitio\/arrecifes-tres-detenidos-a-la-salida-del-concejo-deliberante\/","title":{"rendered":"ARRECIFES: Tres detenidos a la salida del Concejo Deliberante"},"content":{"rendered":"<p><!-- VideographyWP Plugin Message: Automatic video embedding prevented by plugin options. --><br \/>\nLuego de tratarse el proyecto de emergencia tarifaria, el Concejo Deliberante de Arrecifes continu\u00f3 con el desarrollo de su sesi\u00f3n este mi\u00e9rcoles por la noche, abordando el resto de los asuntos que integraban el orden del d\u00eda.<\/p>\n<p>La mayor\u00eda de los vecinos que hab\u00edan concurrido para reclamar la aprobaci\u00f3n de la declaraci\u00f3n de emergencia contra los tarifazos, se retir\u00f3 del recinto. Y a varias cuadras del Concejo, sobre calle Ricardo Guti\u00e9rrez, la polic\u00eda procedi\u00f3 a la detenci\u00f3n por disturbios de tres personas que hab\u00edan estado en el lugar.<\/p>\n<p>Dos de ellos fueron identificados como Jos\u00e9 Luis Medina y Nahuel Sabio, adem\u00e1s de un menor de 17 a\u00f1os de edad. Los tres fueron trasladados a la Comisar\u00eda en calidad de aprehendidos.<\/p>\n<p>Fuente: Arrecifes Noticias<\/p>\n","protected":false},"excerpt":{"rendered":"<p>Luego de tratarse el proyecto de emergencia tarifaria, el Concejo Deliberante de Arrecifes continu\u00f3 con el desarrollo de su sesi\u00f3n este mi\u00e9rcoles por la noche, abordando el resto de los asuntos que integraban el orden del d\u00eda. La mayor\u00eda de los vecinos que hab\u00edan concurrido para reclamar la aprobaci\u00f3n de la declaraci\u00f3n de emergencia contra [&hellip;]<\/p>\n","protected":false},"author":4,"featured_media":31578,"comment_status":"open","ping_status":"closed","sticky":false,"template":"","format":"standard","meta":{"om_disable_all_campaigns":false,"_jetpack_memberships_contains_paid_content":false,"footnotes":""},"categories":[621],"tags":[],"class_list":["post-31577","post","type-post","status-publish","format-standard","has-post-thumbnail","hentry","category-regionales"],"aioseo_notices":[],"gutentor_comment":0,"jetpack_featured_media_url":"https:\/\/eldiariodesanpedro.com.ar\/sitio\/wp-content\/uploads\/2018\/04\/detenidos_hcd.jpg","jetpack_shortlink":"https:\/\/wp.me\/p6RhLt-8dj","jetpack_sharing_enabled":true,"_links":{"self":[{"href":"https:\/\/eldiariodesanpedro.com.ar\/sitio\/wp-json\/wp\/v2\/posts\/31577","targetHints":{"allow":["GET"]}}],"collection":[{"href":"https:\/\/eldiariodesanpedro.com.ar\/sitio\/wp-json\/wp\/v2\/posts"}],"about":[{"href":"https:\/\/eldiariodesanpedro.com.ar\/sitio\/wp-json\/wp\/v2\/types\/post"}],"author":[{"embeddable":true,"href":"https:\/\/eldiariodesanpedro.com.ar\/sitio\/wp-json\/wp\/v2\/users\/4"}],"replies":[{"embeddable":true,"href":"https:\/\/eldiariodesanpedro.com.ar\/sitio\/wp-json\/wp\/v2\/comments?post=31577"}],"version-history":[{"count":1,"href":"https:\/\/eldiariodesanpedro.com.ar\/sitio\/wp-json\/wp\/v2\/posts\/31577\/revisions"}],"predecessor-version":[{"id":31579,"href":"https:\/\/eldiariodesanpedro.com.ar\/sitio\/wp-json\/wp\/v2\/posts\/31577\/revisions\/31579"}],"wp:featuredmedia":[{"embeddable":true,"href":"https:\/\/eldiariodesanpedro.com.ar\/sitio\/wp-json\/wp\/v2\/media\/31578"}],"wp:attachment":[{"href":"https:\/\/eldiariodesanpedro.com.ar\/sitio\/wp-json\/wp\/v2\/media?parent=31577"}],"wp:term":[{"taxonomy":"category","embeddable":true,"href":"https:\/\/eldiariodesanpedro.com.ar\/sitio\/wp-json\/wp\/v2\/categories?post=31577"},{"taxonomy":"post_tag","embeddable":true,"href":"https:\/\/eldiariodesanpedro.com.ar\/sitio\/wp-json\/wp\/v2\/tags?post=31577"}],"curies":[{"name":"wp","href":"https:\/\/api.w.org\/{rel}","templated":true}]}}