{"id":31574,"date":"2018-04-13T17:21:06","date_gmt":"2018-04-13T20:21:06","guid":{"rendered":"https:\/\/eldiariodesanpedro.com.ar\/sitio\/?p=31574"},"modified":"2018-04-13T17:21:06","modified_gmt":"2018-04-13T20:21:06","slug":"san-nicolas-menor-herido-de-bala-por-conflicto-entre-familias","status":"publish","type":"post","link":"https:\/\/eldiariodesanpedro.com.ar\/sitio\/san-nicolas-menor-herido-de-bala-por-conflicto-entre-familias\/","title":{"rendered":"SAN NICOL\u00c1S: Menor herido de bala por conflicto entre familias"},"content":{"rendered":"<p><!-- VideographyWP Plugin Message: Automatic video embedding prevented by plugin options. --><br \/>\nTras el ingreso al hospital San Felipe de un menor de 17 a\u00f1os herido de bala en zona del abdomen, la Fiscal\u00eda N\u00ba 10 a cargo de la Dra. Sandra Bicetti inici\u00f3 una investigaci\u00f3n a los fines de dar con los responsables del hecho.<br \/>\nEl menor hab\u00eda manifestado que se encontraba en inmediaciones de calle Beethoven y Brahms, cuando pas\u00f3 un auto Ford Focus gris y comenz\u00f3 a dispararle para luego darse a la fuga. El hecho ocurri\u00f3 el pasado martes 10.<\/p>\n<p>La fiscal\u00eda a cargo solicit\u00f3 dos allanamientos que se concretaron este mi\u00e9rcoles y la detenci\u00f3n de Felipe Fabio Cabrera de 20 a\u00f1os, identificado como uno de los responsables del ataque. El joven imputado de Abuso de Armas y Lesiones Graves fue interceptado en un domicilio de calle Liszt al 1812. <\/p>\n<p>El segundo allanamiento se concret\u00f3 en calle Mart\u00ednez al 1071 donde se secuestr\u00f3 una carabina recortada calibre 22 y 3 proyectiles calibre 38 largo. En el lugar se aprehendi\u00f3 al morador de la vivienda, un hombre de 57 a\u00f1os imputado de Portaci\u00f3n Ilegal de Arma de Guerra.<\/p>\n<p>Tras las diligencias efectuadas por personal policial junto con los instructores judiciales, continuaron los hechos de violencia en barrio Las Mellizas.<\/p>\n<p>Alrededor de las 3:00 de la madrugada de hoy un hombre de 47 a\u00f1os de apellido Mancilla ingres\u00f3 al hospital con una herida de fuego en su pierna derecha. El sujeto fue agredido en inmediaciones de su domicilio, en calle Brahms al 1779.<\/p>\n<p>Este hecho est\u00e1 relacionado con el ataque al menor, ya que se trata de un conflicto de vieja data entre familias de la zona que dirimen su diferencia a los tiros.<\/p>\n<p>La lesi\u00f3n del hombre de 47 a\u00f1os no ser\u00eda de gravedad, salvo complicaciones.<\/p>\n<p>Fuente: Diario El Informante<\/p>\n","protected":false},"excerpt":{"rendered":"<p>Tras el ingreso al hospital San Felipe de un menor de 17 a\u00f1os herido de bala en zona del abdomen, la Fiscal\u00eda N\u00ba 10 a cargo de la Dra. Sandra Bicetti inici\u00f3 una investigaci\u00f3n a los fines de dar con los responsables del hecho. El menor hab\u00eda manifestado que se encontraba en inmediaciones de calle [&hellip;]<\/p>\n","protected":false},"author":4,"featured_media":31575,"comment_status":"open","ping_status":"closed","sticky":false,"template":"","format":"standard","meta":{"om_disable_all_campaigns":false,"_jetpack_memberships_contains_paid_content":false,"footnotes":""},"categories":[621],"tags":[],"class_list":["post-31574","post","type-post","status-publish","format-standard","has-post-thumbnail","hentry","category-regionales"],"aioseo_notices":[],"gutentor_comment":0,"jetpack_featured_media_url":"https:\/\/eldiariodesanpedro.com.ar\/sitio\/wp-content\/uploads\/2018\/04\/PAGINA-6-UNO-3.jpg","jetpack_shortlink":"https:\/\/wp.me\/p6RhLt-8dg","jetpack_sharing_enabled":true,"_links":{"self":[{"href":"https:\/\/eldiariodesanpedro.com.ar\/sitio\/wp-json\/wp\/v2\/posts\/31574","targetHints":{"allow":["GET"]}}],"collection":[{"href":"https:\/\/eldiariodesanpedro.com.ar\/sitio\/wp-json\/wp\/v2\/posts"}],"about":[{"href":"https:\/\/eldiariodesanpedro.com.ar\/sitio\/wp-json\/wp\/v2\/types\/post"}],"author":[{"embeddable":true,"href":"https:\/\/eldiariodesanpedro.com.ar\/sitio\/wp-json\/wp\/v2\/users\/4"}],"replies":[{"embeddable":true,"href":"https:\/\/eldiariodesanpedro.com.ar\/sitio\/wp-json\/wp\/v2\/comments?post=31574"}],"version-history":[{"count":1,"href":"https:\/\/eldiariodesanpedro.com.ar\/sitio\/wp-json\/wp\/v2\/posts\/31574\/revisions"}],"predecessor-version":[{"id":31576,"href":"https:\/\/eldiariodesanpedro.com.ar\/sitio\/wp-json\/wp\/v2\/posts\/31574\/revisions\/31576"}],"wp:featuredmedia":[{"embeddable":true,"href":"https:\/\/eldiariodesanpedro.com.ar\/sitio\/wp-json\/wp\/v2\/media\/31575"}],"wp:attachment":[{"href":"https:\/\/eldiariodesanpedro.com.ar\/sitio\/wp-json\/wp\/v2\/media?parent=31574"}],"wp:term":[{"taxonomy":"category","embeddable":true,"href":"https:\/\/eldiariodesanpedro.com.ar\/sitio\/wp-json\/wp\/v2\/categories?post=31574"},{"taxonomy":"post_tag","embeddable":true,"href":"https:\/\/eldiariodesanpedro.com.ar\/sitio\/wp-json\/wp\/v2\/tags?post=31574"}],"curies":[{"name":"wp","href":"https:\/\/api.w.org\/{rel}","templated":true}]}}