{"id":31570,"date":"2018-04-13T17:13:41","date_gmt":"2018-04-13T20:13:41","guid":{"rendered":"https:\/\/eldiariodesanpedro.com.ar\/sitio\/?p=31570"},"modified":"2018-04-13T17:14:29","modified_gmt":"2018-04-13T20:14:29","slug":"31570-2","status":"publish","type":"post","link":"https:\/\/eldiariodesanpedro.com.ar\/sitio\/31570-2\/","title":{"rendered":"SAN NICOL\u00c1S: El comisario detenido por narcotr\u00e1fico en 2015, va contra el fiscal Mugica D\u00edaz"},"content":{"rendered":"<p><!-- VideographyWP Plugin Message: Automatic video embedding prevented by plugin options. --><br \/>\nEl 17 de julio de 2015 hubo un allanamiento con detenci\u00f3n en la Comisar\u00eda 3\u00b0 de San Nicol\u00e1s, ordenado por el fiscal Patricio Mugica D\u00edaz, en donde supuestamente se encontr\u00f3 droga que involucraba a 3 efectivos y un jefe de Comisar\u00eda, y es al d\u00eda de la fecha una preocupaci\u00f3n para los detenidos, ya que sus denuncias por narcotr\u00e1fico generaban malestar en negocios propios del fiscal que los meti\u00f3 presos.<\/p>\n<p>Facundo Glorio, el jefe de Comisar\u00eda, se\u00f1al\u00f3 que era un palo en la rueda del titular de la Fiscal\u00eda N\u00b0 1, quien est\u00e1 a cargo de toda la parte de investigaci\u00f3n del narcotr\u00e1fico de esa localidad. Seg\u00fan le manifestaron a RAMALLO CIUDAD, \u00abhay audios, escuchas y unas carpetas que denotan todo lo contrario a lo que indica el fiscal\u00bb.<\/p>\n<p>En este sentido, indicaron que la Comisar\u00eda 3\u00b0 est\u00e1 ubicada en un lugar estrat\u00e9gico para lo que es toda la comercializaci\u00f3n, en el ingreso y el egreso de la droga en San Nicol\u00e1s, Ramallo, San Pedro, Baradero.<\/p>\n<p>Y agreg\u00f3: \u00abBerra me dijo que no puede hacer m\u00e1s nada y hasta ah\u00ed llegu\u00e9. Habl\u00e9 con gente del ministerio, Perroni, me dijo directamente que no puede hacer nada y por eso recurr\u00ed a ustedes. No digo que los reincorporen ma\u00f1ana a la Polic\u00eda, pero al menos que le cambien el tribunal de donde va a ser juzgado\u201d.<\/p>\n<p>Por su parte, Facundo Glorio se\u00f1al\u00f3 a trav\u00e9s de la difusi\u00f3n de un audio, en donde explic\u00f3 c\u00f3mo fueron los primeros problemas que tuvo con el fiscal Mugica D\u00edaz en el Club Regatas. Luego aparecieron los temas de droga y robo calificado\u00bb.  <\/p>\n<p>Al momento que \u00abinformaba las causas de droga, yo se las informaba a la fiscal\u00eda, que las investiga con la gente de Narcotr\u00e1fico de San Nicol\u00e1s. En muchas oportunidades ped\u00eda allanamientos para el secuestro de drogas que no me otorgaban y lo hac\u00edan a los 2 o 3 d\u00edas que sucediera el pedido, y cuando se hac\u00eda, obviamente que no hab\u00eda nada de lo que se pretend\u00eda secuestrar\u00bb.<\/p>\n<p>\u00abEntonces empec\u00e9 a pedirle ordenes de allanamientos a otras fiscal\u00edas y por otros motivos, y ah\u00ed ten\u00eda resultados positivos en cuanto al secuestro de drogas. Cosa que al fiscal Mugica D\u00edaz, le molestaba mucho\u00bb. Luego empez\u00f3 a intimidar al jefe departamental y del distrito para que me saquen de la comisar\u00eda. No pod\u00edan hacerlo por una cuesti\u00f3n social, porque la gente no quer\u00eda que me vaya y tampoco hab\u00eda motivos para sacarme\u00bb.<\/p>\n<p>En ese audio, Glorio manifest\u00f3 que en un procedimiento de drogas lo meten preso a Rub\u00e9n Dar\u00edo S\u00e1nchez, a quien \u00abyo hab\u00eda informado 8 meses atr\u00e1s, pero no lo hacen con el informe m\u00edo, la hacen por cuenta de ellos. A los pocos meses le proponen declarar donde dice que yo le daba la droga, que lo amenazaba, le toman la declaraci\u00f3n en forma espont\u00e1nea (seg\u00fan ellos dicen) en la Unida Penal N\u00b0 3. Esto fue un arreglo y de esa forma iba a lograr un arresto domiciliario y un juicio abreviado con la pena m\u00ednima. Accede a esa oferta y arrancan con la causa m\u00eda\u00bb.<\/p>\n<p>De esa manera, \u00absomos detenidos en julio de 2015, en primer lugar por la caratula de asociaci\u00f3n il\u00edcita, comercializaci\u00f3n de estupefacientes, incumplimiento de los deberes de funcionarios p\u00fablicos, coacci\u00f3n y con el tiempo hacen otra causa por cohecho, con un supuesto carancho\u00bb.<\/p>\n<p>Posteriormente, indic\u00f3 que \u00abestuvimos revisando el facebook de Ruben Dar\u00edo S\u00e1nchez y ah\u00ed empezamos a darnos cuenta de que Mugica D\u00edaz, el fiscal, le hac\u00eda favores personales como regalos de muebles, les hizo dar una beca en el Club Regatas. Todo lo escrib\u00eda agradeciendo a la fiscal\u00eda 1, d\u00e1ndole las gracias por la ayuda que le daban\u00bb.<\/p>\n<p>En otro de los audios, Glorio se\u00f1al\u00f3 que \u00ablo \u00fanico que han hecho fue meter preso a cuatro polic\u00eda que hac\u00edan las cosas bien, pero embarr\u00e1bamos el negocio de ellos, y es el motivo por el cual estamos presos\u00bb.<\/p>\n<p>Fuente: Agencia Nova<\/p>\n","protected":false},"excerpt":{"rendered":"<p>El 17 de julio de 2015 hubo un allanamiento con detenci\u00f3n en la Comisar\u00eda 3\u00b0 de San Nicol\u00e1s, ordenado por el fiscal Patricio Mugica D\u00edaz, en donde supuestamente se encontr\u00f3 droga que involucraba a 3 efectivos y un jefe de Comisar\u00eda, y es al d\u00eda de la fecha una preocupaci\u00f3n para los detenidos, ya que [&hellip;]<\/p>\n","protected":false},"author":4,"featured_media":31571,"comment_status":"open","ping_status":"closed","sticky":false,"template":"","format":"standard","meta":{"om_disable_all_campaigns":false,"_jetpack_memberships_contains_paid_content":false,"footnotes":""},"categories":[621],"tags":[],"class_list":["post-31570","post","type-post","status-publish","format-standard","has-post-thumbnail","hentry","category-regionales"],"aioseo_notices":[],"gutentor_comment":0,"jetpack_featured_media_url":"https:\/\/eldiariodesanpedro.com.ar\/sitio\/wp-content\/uploads\/2018\/04\/PAGINA-7-2.jpg","jetpack_shortlink":"https:\/\/wp.me\/p6RhLt-8dc","jetpack_sharing_enabled":true,"_links":{"self":[{"href":"https:\/\/eldiariodesanpedro.com.ar\/sitio\/wp-json\/wp\/v2\/posts\/31570","targetHints":{"allow":["GET"]}}],"collection":[{"href":"https:\/\/eldiariodesanpedro.com.ar\/sitio\/wp-json\/wp\/v2\/posts"}],"about":[{"href":"https:\/\/eldiariodesanpedro.com.ar\/sitio\/wp-json\/wp\/v2\/types\/post"}],"author":[{"embeddable":true,"href":"https:\/\/eldiariodesanpedro.com.ar\/sitio\/wp-json\/wp\/v2\/users\/4"}],"replies":[{"embeddable":true,"href":"https:\/\/eldiariodesanpedro.com.ar\/sitio\/wp-json\/wp\/v2\/comments?post=31570"}],"version-history":[{"count":2,"href":"https:\/\/eldiariodesanpedro.com.ar\/sitio\/wp-json\/wp\/v2\/posts\/31570\/revisions"}],"predecessor-version":[{"id":31573,"href":"https:\/\/eldiariodesanpedro.com.ar\/sitio\/wp-json\/wp\/v2\/posts\/31570\/revisions\/31573"}],"wp:featuredmedia":[{"embeddable":true,"href":"https:\/\/eldiariodesanpedro.com.ar\/sitio\/wp-json\/wp\/v2\/media\/31571"}],"wp:attachment":[{"href":"https:\/\/eldiariodesanpedro.com.ar\/sitio\/wp-json\/wp\/v2\/media?parent=31570"}],"wp:term":[{"taxonomy":"category","embeddable":true,"href":"https:\/\/eldiariodesanpedro.com.ar\/sitio\/wp-json\/wp\/v2\/categories?post=31570"},{"taxonomy":"post_tag","embeddable":true,"href":"https:\/\/eldiariodesanpedro.com.ar\/sitio\/wp-json\/wp\/v2\/tags?post=31570"}],"curies":[{"name":"wp","href":"https:\/\/api.w.org\/{rel}","templated":true}]}}