{"id":31564,"date":"2018-04-12T20:48:15","date_gmt":"2018-04-12T23:48:15","guid":{"rendered":"https:\/\/eldiariodesanpedro.com.ar\/sitio\/?p=31564"},"modified":"2026-01-24T00:16:31","modified_gmt":"2026-01-24T03:16:31","slug":"basquet-manana-juega-el-celeste-en-lujan","status":"publish","type":"post","link":"https:\/\/eldiariodesanpedro.com.ar\/sitio\/basquet-manana-juega-el-celeste-en-lujan\/","title":{"rendered":"B\u00c1SQUET: El s\u00e1bado juega el \u201cceleste\u201d en Luj\u00e1n"},"content":{"rendered":"<p><!-- VideographyWP Plugin Message: Automatic video embedding prevented by plugin options. --><br \/>\nEste viernes arranca el Torneo Oficial de la \u201cB\u201d con tres encuentros: en Z\u00e1rate el \u201cancla\u201d recibir\u00e1 a Tempestad, Dep. Arenal recibir\u00e1 en Maschwitz a Derqui \u201cB\u201d y en Los Cardales Ing. Raver recibir\u00e1 a Belgrano. El s\u00e1bado har\u00e1 su debut la UNLU recibiendo a N\u00e1utico San Pedro y en Pilar Pe\u00f1arol recibir\u00e1 a Uni\u00f3n. El domingo en Escobar se cierra la fecha con el encuentro entre Independiente (Escobar) recibiendo a Honor y Patria.<\/p>\n<p>Viernes 20:30 | Dep. Arenal vs. Presidente Derqui \u201cB\u201d<br \/>\nViernes 21:00 | N\u00e1utico Z\u00e1rate vs. Tempestad<br \/>\nViernes 21:30 | Ing. Raver vs. Belgrano<br \/>\nS\u00e1bado 20:30 | Universidad de Luj\u00e1n vs. N\u00e1utico San Pedro<br \/>\nS\u00e1bado 21:00 | Pe\u00f1arol vs. Uni\u00f3n<br \/>\nDomingo 20:00 | Independiente (Escobar) vs. Honor y Patria<\/p>\n<p><strong>Zona B en dos grupos:<\/strong><br \/>\nZona B1: Dep. Arenal, I. Raver, Pe\u00f1arol, Uni\u00f3n, Belgrano, P. Derqui B y Porte\u00f1o.<br \/>\nZona B2: CNSP, N\u00e1utico Zarate, Independiente Escobar, Honor y Patria, Tempestad, Universidad de Luj\u00e1n (debutante) y Capilla del Se\u00f1or. <\/p>\n<p><strong>N\u00e1utico y Mitre contin\u00faan disputando sus cert\u00e1menes en inferiores<\/strong><br \/>\n  Las divisiones competitivas de ambos clubes jugaron por la tercera fecha de los torneos de Z\u00e1rate-Campana (ABZC) y Nicole\u00f1a (ANB), seg\u00fan estaba programado.<\/p>\n<p>  N\u00e1utico San Pedro visit\u00f3 a N\u00e1utico Z\u00e1rate, con triunfo en las tres que jug\u00f3: U13, U17 y U19. Pr\u00f3xima versus Central Buenos Aires de Z\u00e1rate como local.<\/p>\n<p>  Mitre jug\u00f3 de visitante ante Regatas A de San Nicol\u00e1s, cayendo en las cuatro divisiones. Este s\u00e1bado ante Defensores de Belgrano de Villa Ramallo como local.<\/p>\n","protected":false},"excerpt":{"rendered":"<p>Este viernes arranca el Torneo Oficial de la \u201cB\u201d con tres encuentros: en Z\u00e1rate el \u201cancla\u201d recibir\u00e1 a Tempestad, Dep. Arenal recibir\u00e1 en Maschwitz a Derqui \u201cB\u201d y en Los Cardales Ing. Raver recibir\u00e1 a Belgrano. El s\u00e1bado har\u00e1 su debut la UNLU recibiendo a N\u00e1utico San Pedro y en Pilar Pe\u00f1arol recibir\u00e1 a Uni\u00f3n. [&hellip;]<\/p>\n","protected":false},"author":4,"featured_media":6015,"comment_status":"open","ping_status":"closed","sticky":false,"template":"","format":"standard","meta":{"om_disable_all_campaigns":false,"_jetpack_memberships_contains_paid_content":false,"footnotes":""},"categories":[5],"tags":[],"class_list":["post-31564","post","type-post","status-publish","format-standard","has-post-thumbnail","hentry","category-deportes"],"aioseo_notices":[],"gutentor_comment":0,"jetpack_featured_media_url":"https:\/\/eldiariodesanpedro.com.ar\/sitio\/wp-content\/uploads\/2016\/07\/basquet-nautico.jpg","jetpack_shortlink":"https:\/\/wp.me\/p6RhLt-8d6","jetpack_sharing_enabled":true,"_links":{"self":[{"href":"https:\/\/eldiariodesanpedro.com.ar\/sitio\/wp-json\/wp\/v2\/posts\/31564","targetHints":{"allow":["GET"]}}],"collection":[{"href":"https:\/\/eldiariodesanpedro.com.ar\/sitio\/wp-json\/wp\/v2\/posts"}],"about":[{"href":"https:\/\/eldiariodesanpedro.com.ar\/sitio\/wp-json\/wp\/v2\/types\/post"}],"author":[{"embeddable":true,"href":"https:\/\/eldiariodesanpedro.com.ar\/sitio\/wp-json\/wp\/v2\/users\/4"}],"replies":[{"embeddable":true,"href":"https:\/\/eldiariodesanpedro.com.ar\/sitio\/wp-json\/wp\/v2\/comments?post=31564"}],"version-history":[{"count":3,"href":"https:\/\/eldiariodesanpedro.com.ar\/sitio\/wp-json\/wp\/v2\/posts\/31564\/revisions"}],"predecessor-version":[{"id":31568,"href":"https:\/\/eldiariodesanpedro.com.ar\/sitio\/wp-json\/wp\/v2\/posts\/31564\/revisions\/31568"}],"wp:featuredmedia":[{"embeddable":true,"href":"https:\/\/eldiariodesanpedro.com.ar\/sitio\/wp-json\/wp\/v2\/media\/6015"}],"wp:attachment":[{"href":"https:\/\/eldiariodesanpedro.com.ar\/sitio\/wp-json\/wp\/v2\/media?parent=31564"}],"wp:term":[{"taxonomy":"category","embeddable":true,"href":"https:\/\/eldiariodesanpedro.com.ar\/sitio\/wp-json\/wp\/v2\/categories?post=31564"},{"taxonomy":"post_tag","embeddable":true,"href":"https:\/\/eldiariodesanpedro.com.ar\/sitio\/wp-json\/wp\/v2\/tags?post=31564"}],"curies":[{"name":"wp","href":"https:\/\/api.w.org\/{rel}","templated":true}]}}