{"id":31561,"date":"2018-04-12T20:44:15","date_gmt":"2018-04-12T23:44:15","guid":{"rendered":"https:\/\/eldiariodesanpedro.com.ar\/sitio\/?p=31561"},"modified":"2026-01-24T00:16:31","modified_gmt":"2026-01-24T03:16:31","slug":"torneo-federal-a-se-aleja-la-chance-del-nacional-b","status":"publish","type":"post","link":"https:\/\/eldiariodesanpedro.com.ar\/sitio\/torneo-federal-a-se-aleja-la-chance-del-nacional-b\/","title":{"rendered":"TORNEO FEDERAL A: Se aleja la chance del Nacional B"},"content":{"rendered":"<p><!-- VideographyWP Plugin Message: Automatic video embedding prevented by plugin options. --><br \/>\n  Por la tercera fecha del Pentagonal del Torneo Federal \u00abA\u00bb, este mi\u00e9rcoles en el \u00abSalom\u00f3n Boeseld\u00edn\u00bb Defensores de Belgrano de Villa Ramallo perdi\u00f3 un partido clave para el sue\u00f1o del ascenso a la B Nacional, fue 1 a 0 con Gimnasia de M\u00e9ndoza. El \u00fanico gol lo marc\u00f3 Lucas Fern\u00e1ndez.<\/p>\n<p>  Central C\u00f3rdoba de Santiago del Estero le gan\u00f3 a Juventud Unida de San Luis por 3-1, en partido v\u00e1lido por la tercera fecha del Pentagonal Final del Federal A.<\/p>\n<p>  Pablo Ortega, Diego Jara y Leandro Vella anotaron los goles \u00abferroviarios\u00bb, en tanto que Gabriel P\u00e9rez Tarifa anot\u00f3 el transitorio empate de los puntanos.<\/p>\n<p><strong>Posiciones<\/strong><br \/>\nGimnasia 6<br \/>\nDefensores4<br \/>\nCentral C\u00f3rdoba 4<br \/>\nJuventud Unida 1<br \/>\nEstudiantes 1.<br \/>\n(A resoluci\u00f3n el partido Estudiantes &#8211; C. C\u00f3rdoba)<\/p>\n<p><strong>Pr\u00f3xima fecha (4\u00b0)<\/strong><br \/>\nJuventud Unida (SL) vs. Estudiantes (RC), domingo 15 a las 16:30 horas.<br \/>\nGimnasia (M) vs. Central C\u00f3rdoba (SdE), lunes 16 a las 21:30 horas.<br \/>\nLibre: Defensores de Belgrano.<\/p>\n","protected":false},"excerpt":{"rendered":"<p>Por la tercera fecha del Pentagonal del Torneo Federal \u00abA\u00bb, este mi\u00e9rcoles en el \u00abSalom\u00f3n Boeseld\u00edn\u00bb Defensores de Belgrano de Villa Ramallo perdi\u00f3 un partido clave para el sue\u00f1o del ascenso a la B Nacional, fue 1 a 0 con Gimnasia de M\u00e9ndoza. El \u00fanico gol lo marc\u00f3 Lucas Fern\u00e1ndez. Central C\u00f3rdoba de Santiago del [&hellip;]<\/p>\n","protected":false},"author":4,"featured_media":12943,"comment_status":"open","ping_status":"closed","sticky":false,"template":"","format":"standard","meta":{"om_disable_all_campaigns":false,"_jetpack_memberships_contains_paid_content":false,"footnotes":""},"categories":[5],"tags":[],"class_list":["post-31561","post","type-post","status-publish","format-standard","has-post-thumbnail","hentry","category-deportes"],"aioseo_notices":[],"gutentor_comment":0,"jetpack_featured_media_url":"https:\/\/eldiariodesanpedro.com.ar\/sitio\/wp-content\/uploads\/2017\/01\/futbol.jpg","jetpack_shortlink":"https:\/\/wp.me\/p6RhLt-8d3","jetpack_sharing_enabled":true,"_links":{"self":[{"href":"https:\/\/eldiariodesanpedro.com.ar\/sitio\/wp-json\/wp\/v2\/posts\/31561","targetHints":{"allow":["GET"]}}],"collection":[{"href":"https:\/\/eldiariodesanpedro.com.ar\/sitio\/wp-json\/wp\/v2\/posts"}],"about":[{"href":"https:\/\/eldiariodesanpedro.com.ar\/sitio\/wp-json\/wp\/v2\/types\/post"}],"author":[{"embeddable":true,"href":"https:\/\/eldiariodesanpedro.com.ar\/sitio\/wp-json\/wp\/v2\/users\/4"}],"replies":[{"embeddable":true,"href":"https:\/\/eldiariodesanpedro.com.ar\/sitio\/wp-json\/wp\/v2\/comments?post=31561"}],"version-history":[{"count":1,"href":"https:\/\/eldiariodesanpedro.com.ar\/sitio\/wp-json\/wp\/v2\/posts\/31561\/revisions"}],"predecessor-version":[{"id":31563,"href":"https:\/\/eldiariodesanpedro.com.ar\/sitio\/wp-json\/wp\/v2\/posts\/31561\/revisions\/31563"}],"wp:featuredmedia":[{"embeddable":true,"href":"https:\/\/eldiariodesanpedro.com.ar\/sitio\/wp-json\/wp\/v2\/media\/12943"}],"wp:attachment":[{"href":"https:\/\/eldiariodesanpedro.com.ar\/sitio\/wp-json\/wp\/v2\/media?parent=31561"}],"wp:term":[{"taxonomy":"category","embeddable":true,"href":"https:\/\/eldiariodesanpedro.com.ar\/sitio\/wp-json\/wp\/v2\/categories?post=31561"},{"taxonomy":"post_tag","embeddable":true,"href":"https:\/\/eldiariodesanpedro.com.ar\/sitio\/wp-json\/wp\/v2\/tags?post=31561"}],"curies":[{"name":"wp","href":"https:\/\/api.w.org\/{rel}","templated":true}]}}