{"id":31556,"date":"2018-04-12T20:41:59","date_gmt":"2018-04-12T23:41:59","guid":{"rendered":"https:\/\/eldiariodesanpedro.com.ar\/sitio\/?p=31556"},"modified":"2018-04-12T20:41:59","modified_gmt":"2018-04-12T23:41:59","slug":"un-nuevo-buque-arribo-al-puerto-san-pedro","status":"publish","type":"post","link":"https:\/\/eldiariodesanpedro.com.ar\/sitio\/un-nuevo-buque-arribo-al-puerto-san-pedro\/","title":{"rendered":"Un nuevo buque arrib\u00f3 al Puerto San Pedro"},"content":{"rendered":"<p><!-- VideographyWP Plugin Message: Automatic video embedding prevented by plugin options. --><br \/>\n  Desde el Consorcio de Gesti\u00f3n del Puerto San Pedro se comunic\u00f3 el arribo de un buque denominado \u201cNordtajo\u201d el pasado mi\u00e9rcoles, de bandera maltesa, ingresa en las esta noche al puerto local.<\/p>\n<p>  El barco de 180 metros de eslora, procede de R\u00edo Grande do Sul, Brasil y operar\u00e1 en el muelle elevador, en donde cargar\u00e1 32 mil toneladas de poroto de soja con destino a Rusia.<\/p>\n","protected":false},"excerpt":{"rendered":"<p>Desde el Consorcio de Gesti\u00f3n del Puerto San Pedro se comunic\u00f3 el arribo de un buque denominado \u201cNordtajo\u201d el pasado mi\u00e9rcoles, de bandera maltesa, ingresa en las esta noche al puerto local. El barco de 180 metros de eslora, procede de R\u00edo Grande do Sul, Brasil y operar\u00e1 en el muelle elevador, en donde cargar\u00e1 [&hellip;]<\/p>\n","protected":false},"author":4,"featured_media":31558,"comment_status":"open","ping_status":"closed","sticky":false,"template":"","format":"standard","meta":{"om_disable_all_campaigns":false,"_jetpack_memberships_contains_paid_content":false,"footnotes":""},"categories":[101,2],"tags":[],"class_list":["post-31556","post","type-post","status-publish","format-standard","has-post-thumbnail","hentry","category-interes-general-locales","category-locales"],"aioseo_notices":[],"gutentor_comment":0,"jetpack_featured_media_url":"https:\/\/eldiariodesanpedro.com.ar\/sitio\/wp-content\/uploads\/2018\/04\/barco-nordtajo.jpg","jetpack_shortlink":"https:\/\/wp.me\/p6RhLt-8cY","jetpack_sharing_enabled":true,"_links":{"self":[{"href":"https:\/\/eldiariodesanpedro.com.ar\/sitio\/wp-json\/wp\/v2\/posts\/31556","targetHints":{"allow":["GET"]}}],"collection":[{"href":"https:\/\/eldiariodesanpedro.com.ar\/sitio\/wp-json\/wp\/v2\/posts"}],"about":[{"href":"https:\/\/eldiariodesanpedro.com.ar\/sitio\/wp-json\/wp\/v2\/types\/post"}],"author":[{"embeddable":true,"href":"https:\/\/eldiariodesanpedro.com.ar\/sitio\/wp-json\/wp\/v2\/users\/4"}],"replies":[{"embeddable":true,"href":"https:\/\/eldiariodesanpedro.com.ar\/sitio\/wp-json\/wp\/v2\/comments?post=31556"}],"version-history":[{"count":1,"href":"https:\/\/eldiariodesanpedro.com.ar\/sitio\/wp-json\/wp\/v2\/posts\/31556\/revisions"}],"predecessor-version":[{"id":31560,"href":"https:\/\/eldiariodesanpedro.com.ar\/sitio\/wp-json\/wp\/v2\/posts\/31556\/revisions\/31560"}],"wp:featuredmedia":[{"embeddable":true,"href":"https:\/\/eldiariodesanpedro.com.ar\/sitio\/wp-json\/wp\/v2\/media\/31558"}],"wp:attachment":[{"href":"https:\/\/eldiariodesanpedro.com.ar\/sitio\/wp-json\/wp\/v2\/media?parent=31556"}],"wp:term":[{"taxonomy":"category","embeddable":true,"href":"https:\/\/eldiariodesanpedro.com.ar\/sitio\/wp-json\/wp\/v2\/categories?post=31556"},{"taxonomy":"post_tag","embeddable":true,"href":"https:\/\/eldiariodesanpedro.com.ar\/sitio\/wp-json\/wp\/v2\/tags?post=31556"}],"curies":[{"name":"wp","href":"https:\/\/api.w.org\/{rel}","templated":true}]}}