{"id":31553,"date":"2018-04-12T21:50:58","date_gmt":"2018-04-13T00:50:58","guid":{"rendered":"https:\/\/eldiariodesanpedro.com.ar\/sitio\/?p=31553"},"modified":"2018-04-12T21:50:58","modified_gmt":"2018-04-13T00:50:58","slug":"se-busca-una-pasante-para-consultorio","status":"publish","type":"post","link":"https:\/\/eldiariodesanpedro.com.ar\/sitio\/se-busca-una-pasante-para-consultorio\/","title":{"rendered":"Se busca una pasante para consultorio"},"content":{"rendered":"<p><!-- VideographyWP Plugin Message: Automatic video embedding prevented by plugin options. --><br \/>\nDesde la oficina de empleo de la municipalidad de San Pedro se busca una pasante para cubrir un puesto administrativo en un consultorio. <\/p>\n<p>Requisitos:<br \/>\nEdad: 18 a 24 a\u00f1os<br \/>\nPertenecer al programa j\u00f3venes  o progresar<br \/>\nCon conocimientos b\u00e1sicos en atenci\u00f3n al publico y administrativo.<br \/>\nSexo: Mujer.<\/p>\n<p>Si cumpl\u00eds con los requisitos acerca tu cv a la Oficina de Empleo, Ayacucho 299 de Lunes a Viernes de 8 a 14 hs o bien al correo electr\u00f3nico: empleo@sanpedro.gob.ar<\/p>\n","protected":false},"excerpt":{"rendered":"<p>Desde la oficina de empleo de la municipalidad de San Pedro se busca una pasante para cubrir un puesto administrativo en un consultorio. Requisitos: Edad: 18 a 24 a\u00f1os Pertenecer al programa j\u00f3venes o progresar Con conocimientos b\u00e1sicos en atenci\u00f3n al publico y administrativo. Sexo: Mujer. Si cumpl\u00eds con los requisitos acerca tu cv a [&hellip;]<\/p>\n","protected":false},"author":4,"featured_media":4452,"comment_status":"open","ping_status":"closed","sticky":false,"template":"","format":"standard","meta":{"om_disable_all_campaigns":false,"_jetpack_memberships_contains_paid_content":false,"footnotes":""},"categories":[101,2],"tags":[],"class_list":["post-31553","post","type-post","status-publish","format-standard","has-post-thumbnail","hentry","category-interes-general-locales","category-locales"],"aioseo_notices":[],"gutentor_comment":0,"jetpack_featured_media_url":"https:\/\/eldiariodesanpedro.com.ar\/sitio\/wp-content\/uploads\/2016\/05\/Oficina-de-empleo.jpg","jetpack_shortlink":"https:\/\/wp.me\/p6RhLt-8cV","jetpack_sharing_enabled":true,"_links":{"self":[{"href":"https:\/\/eldiariodesanpedro.com.ar\/sitio\/wp-json\/wp\/v2\/posts\/31553","targetHints":{"allow":["GET"]}}],"collection":[{"href":"https:\/\/eldiariodesanpedro.com.ar\/sitio\/wp-json\/wp\/v2\/posts"}],"about":[{"href":"https:\/\/eldiariodesanpedro.com.ar\/sitio\/wp-json\/wp\/v2\/types\/post"}],"author":[{"embeddable":true,"href":"https:\/\/eldiariodesanpedro.com.ar\/sitio\/wp-json\/wp\/v2\/users\/4"}],"replies":[{"embeddable":true,"href":"https:\/\/eldiariodesanpedro.com.ar\/sitio\/wp-json\/wp\/v2\/comments?post=31553"}],"version-history":[{"count":1,"href":"https:\/\/eldiariodesanpedro.com.ar\/sitio\/wp-json\/wp\/v2\/posts\/31553\/revisions"}],"predecessor-version":[{"id":31569,"href":"https:\/\/eldiariodesanpedro.com.ar\/sitio\/wp-json\/wp\/v2\/posts\/31553\/revisions\/31569"}],"wp:featuredmedia":[{"embeddable":true,"href":"https:\/\/eldiariodesanpedro.com.ar\/sitio\/wp-json\/wp\/v2\/media\/4452"}],"wp:attachment":[{"href":"https:\/\/eldiariodesanpedro.com.ar\/sitio\/wp-json\/wp\/v2\/media?parent=31553"}],"wp:term":[{"taxonomy":"category","embeddable":true,"href":"https:\/\/eldiariodesanpedro.com.ar\/sitio\/wp-json\/wp\/v2\/categories?post=31553"},{"taxonomy":"post_tag","embeddable":true,"href":"https:\/\/eldiariodesanpedro.com.ar\/sitio\/wp-json\/wp\/v2\/tags?post=31553"}],"curies":[{"name":"wp","href":"https:\/\/api.w.org\/{rel}","templated":true}]}}