{"id":31551,"date":"2018-04-12T18:21:58","date_gmt":"2018-04-12T21:21:58","guid":{"rendered":"https:\/\/eldiariodesanpedro.com.ar\/sitio\/?p=31551"},"modified":"2018-04-12T18:21:58","modified_gmt":"2018-04-12T21:21:58","slug":"palazzo-anuncio-un-paro-bancario-de-48-horas-para-la-proxima-semana","status":"publish","type":"post","link":"https:\/\/eldiariodesanpedro.com.ar\/sitio\/palazzo-anuncio-un-paro-bancario-de-48-horas-para-la-proxima-semana\/","title":{"rendered":"Palazzo anunci\u00f3 un paro bancario de 48 horas para la pr\u00f3xima semana"},"content":{"rendered":"<p><!-- VideographyWP Plugin Message: Automatic video embedding prevented by plugin options. --><br \/>\nEl secretario general del gremio bancario Sergio Palazzo anunci\u00f3 un paro de actividades de 48 horas en todas las entidades p\u00fablicas y privadas del pa\u00eds para el martes y mi\u00e9rcoles de la pr\u00f3xima semana.<\/p>\n<p>\u201cNo tienen l\u00edmite\u2026. organizar la bronca\u201d, se titul\u00f3 el comunicado al que accedi\u00f3 \u00e1mbito.com, donde Palazzo y su secretario de Prensa Eduardo Berrozpe detallaron los motivos de la nueva protesta.<\/p>\n<p>\u201cLa \u00faltima propuesta formal de los bancos es un aumento en tres cuotas, 7% (que ya abonan), 4% en julio, 4% en octubre. No quieren abonar la compensaci\u00f3n que deben (por enero), y reducen en un 50% la del D\u00eda del Bancario\u201d, se quejaron los gremialistas.<\/p>\n<p>Adem\u00e1s, acusan a los banqueros de \u201cno cumplir\u201d el fallo judicial que insta a los empresarios a abonar la cl\u00e1usula gatillo de 2017. \u201cCon este Gobierno se sienten impunes. Est\u00e1 a la vista que no hay seguridad jur\u00eddica\u201d, aseguraron al anunciar la medida.<\/p>\n<p>\u201cHace tiempo que se han traspasado todos los l\u00edmites, la paciencia se ha agotado: pero debemos mantener la cabeza fr\u00eda y organizar la bronca\u201d, sostuvieron los dos dirigentes.<\/p>\n<p>\u201cAtendiendo que ha comenzado el cronograma de pagos a los compa\u00f1eros jubilados y planes sociales, con el fin de que se ordene el pago de sus salarios, el paro de 48 horas previsto se concretar\u00e1 los d\u00edas 17 y 18 de abril\u201d, remarcaron.<\/p>\n<p>Seg\u00fan pudo saber este medio, tanto banqueros como sindicalistas esperaban para este lunes o martes pasado un llamado del Ministerio de Trabajo para reanudar las discusiones formales. Sin embargo, esa convocatoria no lleg\u00f3 y La Bancaria lanz\u00f3 las medidas.<\/p>\n<p>Palazzo y Berrozpe revelaron que hubo contactos y encuentros informales con las c\u00e1maras Adeba y ABA para tratar de destrabar el conflicto, pero algunas ausencias impiden avanzar con un acuerdo. Seg\u00fan dijeron los gremialistas, el presidente de Abapra, Javier Gonz\u00e1lez Fraga (Naci\u00f3n), y el de ABE, Gregorio Goity (Columbia), est\u00e1n fuera del pa\u00eds hasta el jueves al mediod\u00eda.<\/p>\n<p>Fuente: Ambito<\/p>\n","protected":false},"excerpt":{"rendered":"<p>El secretario general del gremio bancario Sergio Palazzo anunci\u00f3 un paro de actividades de 48 horas en todas las entidades p\u00fablicas y privadas del pa\u00eds para el martes y mi\u00e9rcoles de la pr\u00f3xima semana. \u201cNo tienen l\u00edmite\u2026. organizar la bronca\u201d, se titul\u00f3 el comunicado al que accedi\u00f3 \u00e1mbito.com, donde Palazzo y su secretario de Prensa [&hellip;]<\/p>\n","protected":false},"author":4,"featured_media":14334,"comment_status":"open","ping_status":"closed","sticky":false,"template":"","format":"standard","meta":{"om_disable_all_campaigns":false,"_jetpack_memberships_contains_paid_content":false,"footnotes":""},"categories":[101,2],"tags":[],"class_list":["post-31551","post","type-post","status-publish","format-standard","has-post-thumbnail","hentry","category-interes-general-locales","category-locales"],"aioseo_notices":[],"gutentor_comment":0,"jetpack_featured_media_url":"https:\/\/eldiariodesanpedro.com.ar\/sitio\/wp-content\/uploads\/2017\/02\/banco_provincia.jpg","jetpack_shortlink":"https:\/\/wp.me\/p6RhLt-8cT","jetpack_sharing_enabled":true,"_links":{"self":[{"href":"https:\/\/eldiariodesanpedro.com.ar\/sitio\/wp-json\/wp\/v2\/posts\/31551","targetHints":{"allow":["GET"]}}],"collection":[{"href":"https:\/\/eldiariodesanpedro.com.ar\/sitio\/wp-json\/wp\/v2\/posts"}],"about":[{"href":"https:\/\/eldiariodesanpedro.com.ar\/sitio\/wp-json\/wp\/v2\/types\/post"}],"author":[{"embeddable":true,"href":"https:\/\/eldiariodesanpedro.com.ar\/sitio\/wp-json\/wp\/v2\/users\/4"}],"replies":[{"embeddable":true,"href":"https:\/\/eldiariodesanpedro.com.ar\/sitio\/wp-json\/wp\/v2\/comments?post=31551"}],"version-history":[{"count":1,"href":"https:\/\/eldiariodesanpedro.com.ar\/sitio\/wp-json\/wp\/v2\/posts\/31551\/revisions"}],"predecessor-version":[{"id":31552,"href":"https:\/\/eldiariodesanpedro.com.ar\/sitio\/wp-json\/wp\/v2\/posts\/31551\/revisions\/31552"}],"wp:featuredmedia":[{"embeddable":true,"href":"https:\/\/eldiariodesanpedro.com.ar\/sitio\/wp-json\/wp\/v2\/media\/14334"}],"wp:attachment":[{"href":"https:\/\/eldiariodesanpedro.com.ar\/sitio\/wp-json\/wp\/v2\/media?parent=31551"}],"wp:term":[{"taxonomy":"category","embeddable":true,"href":"https:\/\/eldiariodesanpedro.com.ar\/sitio\/wp-json\/wp\/v2\/categories?post=31551"},{"taxonomy":"post_tag","embeddable":true,"href":"https:\/\/eldiariodesanpedro.com.ar\/sitio\/wp-json\/wp\/v2\/tags?post=31551"}],"curies":[{"name":"wp","href":"https:\/\/api.w.org\/{rel}","templated":true}]}}