{"id":31548,"date":"2018-04-12T18:18:33","date_gmt":"2018-04-12T21:18:33","guid":{"rendered":"https:\/\/eldiariodesanpedro.com.ar\/sitio\/?p=31548"},"modified":"2018-04-12T18:18:33","modified_gmt":"2018-04-12T21:18:33","slug":"san-nicolas-doble-manifestacion-de-trabajadores-en-zona-centrica","status":"publish","type":"post","link":"https:\/\/eldiariodesanpedro.com.ar\/sitio\/san-nicolas-doble-manifestacion-de-trabajadores-en-zona-centrica\/","title":{"rendered":"SAN NICOL\u00c1S: Doble manifestaci\u00f3n de trabajadores en zona c\u00e9ntrica"},"content":{"rendered":"<p><!-- VideographyWP Plugin Message: Automatic video embedding prevented by plugin options. --><br \/>\nDos grupos de trabajadores eligieron este mi\u00e9rcoles 11 de abril para realizar protestas laborales en nuestra ciudad.<\/p>\n<p>Una de las manifestaciones es llevada adelante por el gremio de la UOCRA. Unas 30 personas se concentraron en la esquina de 9 de Julio y Belgrano, donde se est\u00e1 realizando una obra de construcci\u00f3n y recuperaci\u00f3n, mejoras en las condiciones laborales. Todo se desarrolla de forma pac\u00edfica y sin quema de gomas. <\/p>\n<p>La otra concentraci\u00f3n fue llevada adelante por unos 50 trabajadores del Frigor\u00edfico Marcos frente a la sede local del Ministerio de Trabajo, en Bol\u00edvar 107. Los empleados solicitaron el cambio del Sindicato de la carne al Sindicato de la alimentaci\u00f3n. La manifestaci\u00f3n es pac\u00edfica, sin corte de calles.<\/p>\n<p>Fuente: Diario El Informante<\/p>\n","protected":false},"excerpt":{"rendered":"<p>Dos grupos de trabajadores eligieron este mi\u00e9rcoles 11 de abril para realizar protestas laborales en nuestra ciudad. Una de las manifestaciones es llevada adelante por el gremio de la UOCRA. Unas 30 personas se concentraron en la esquina de 9 de Julio y Belgrano, donde se est\u00e1 realizando una obra de construcci\u00f3n y recuperaci\u00f3n, mejoras [&hellip;]<\/p>\n","protected":false},"author":4,"featured_media":31549,"comment_status":"open","ping_status":"closed","sticky":false,"template":"","format":"standard","meta":{"om_disable_all_campaigns":false,"_jetpack_memberships_contains_paid_content":false,"footnotes":""},"categories":[621],"tags":[],"class_list":["post-31548","post","type-post","status-publish","format-standard","has-post-thumbnail","hentry","category-regionales"],"aioseo_notices":[],"gutentor_comment":0,"jetpack_featured_media_url":"https:\/\/eldiariodesanpedro.com.ar\/sitio\/wp-content\/uploads\/2018\/04\/PAGINA-7-1.jpg","jetpack_shortlink":"https:\/\/wp.me\/p6RhLt-8cQ","jetpack_sharing_enabled":true,"_links":{"self":[{"href":"https:\/\/eldiariodesanpedro.com.ar\/sitio\/wp-json\/wp\/v2\/posts\/31548","targetHints":{"allow":["GET"]}}],"collection":[{"href":"https:\/\/eldiariodesanpedro.com.ar\/sitio\/wp-json\/wp\/v2\/posts"}],"about":[{"href":"https:\/\/eldiariodesanpedro.com.ar\/sitio\/wp-json\/wp\/v2\/types\/post"}],"author":[{"embeddable":true,"href":"https:\/\/eldiariodesanpedro.com.ar\/sitio\/wp-json\/wp\/v2\/users\/4"}],"replies":[{"embeddable":true,"href":"https:\/\/eldiariodesanpedro.com.ar\/sitio\/wp-json\/wp\/v2\/comments?post=31548"}],"version-history":[{"count":1,"href":"https:\/\/eldiariodesanpedro.com.ar\/sitio\/wp-json\/wp\/v2\/posts\/31548\/revisions"}],"predecessor-version":[{"id":31550,"href":"https:\/\/eldiariodesanpedro.com.ar\/sitio\/wp-json\/wp\/v2\/posts\/31548\/revisions\/31550"}],"wp:featuredmedia":[{"embeddable":true,"href":"https:\/\/eldiariodesanpedro.com.ar\/sitio\/wp-json\/wp\/v2\/media\/31549"}],"wp:attachment":[{"href":"https:\/\/eldiariodesanpedro.com.ar\/sitio\/wp-json\/wp\/v2\/media?parent=31548"}],"wp:term":[{"taxonomy":"category","embeddable":true,"href":"https:\/\/eldiariodesanpedro.com.ar\/sitio\/wp-json\/wp\/v2\/categories?post=31548"},{"taxonomy":"post_tag","embeddable":true,"href":"https:\/\/eldiariodesanpedro.com.ar\/sitio\/wp-json\/wp\/v2\/tags?post=31548"}],"curies":[{"name":"wp","href":"https:\/\/api.w.org\/{rel}","templated":true}]}}