{"id":31545,"date":"2018-04-12T18:16:03","date_gmt":"2018-04-12T21:16:03","guid":{"rendered":"https:\/\/eldiariodesanpedro.com.ar\/sitio\/?p=31545"},"modified":"2018-04-12T18:16:03","modified_gmt":"2018-04-12T21:16:03","slug":"san-nicolas-intendentes-funcionarios-y-concejales-deberan-presentar-sus-declaraciones-juradas","status":"publish","type":"post","link":"https:\/\/eldiariodesanpedro.com.ar\/sitio\/san-nicolas-intendentes-funcionarios-y-concejales-deberan-presentar-sus-declaraciones-juradas\/","title":{"rendered":"SAN NICOL\u00c1S: Intendentes, funcionarios y concejales deber\u00e1n presentar sus declaraciones juradas"},"content":{"rendered":"<p><!-- VideographyWP Plugin Message: Automatic video embedding prevented by plugin options. --><br \/>\nEl Concejo Deliberante aprob\u00f3 ayer la adhesi\u00f3n de San Nicol\u00e1s a la Ley provincial 15.000 que obliga a los funcionarios p\u00fablicos a rendir sus situaciones patrimoniales a trav\u00e9s de declaraciones juradas. La ordenanza resultante ata\u00f1e a los cargos de intendente, concejal, y secretario, subsecretario y director del Ejecutivo municipal.<br \/>\nA trav\u00e9s de una iniciativa legislativa presentada por el bloque del Frente Renovador, el Concejo Deliberante aprob\u00f3 ayer por unanimidad la adhesi\u00f3n de San Nicol\u00e1s al r\u00e9gimen de declaraciones patrimoniales juradas obligatorias para quienes se desempe\u00f1an en la funci\u00f3n p\u00fablica.<br \/>\nLo dicho: ya exist\u00eda un marco normativo provincial y ahora, con fuerza de ordenanza (aunque t\u00e9cnicamente todav\u00eda resta su promulgaci\u00f3n por parte del Departamento Ejecutivo Municipal), San Nicol\u00e1s estar\u00e1 formalmente adherido. Se trata de la Ley 15.000 de la provincia de Buenos Aires que establece un r\u00e9gimen de declaraciones juradas patrimoniales de funcionarios y agentes de los poderes Ejecutivo y Legislativo.<br \/>\n\u201cLa 15.000 es una ley provincial que tiene que ver con la presentaci\u00f3n de declaraciones juradas de funcionarios que antes no ten\u00edan la obligaci\u00f3n de hacerlo. Es un claro ejemplo de lucha contra la corrupci\u00f3n, muy importante en los tiempos que vivimos, en que la pol\u00edtica est\u00e1 tan denostada y donde el reclamo de muchos ciudadanos tiene que ver con esto de transparentar la labor pol\u00edtica. Y este r\u00e9gimen viene a traer un manto tranquilidad para los ciudadanos\u201d, observ\u00f3 Luciano Pastocchi, presidente de la bancada del Frente Renovador, ayer en el recinto de sesiones, antes de que el proyecto impulsado por su bloque fuese votado y aprobado por unanimidad con los 20 <\/p>\n<p>Alcance local<br \/>\nEn cuanto a la adhesi\u00f3n local a la normativa bonaerense, el massista advirti\u00f3 que \u201cintendentes, concejales, secretarios y directores van a tener la obligaci\u00f3n de presentar sus declaraciones juradas y la gente va a poder saber c\u00f3mo entraron patrimonialmente a la pol\u00edtica y c\u00f3mo se van\u201d.<br \/>\nEntre las consideraciones que dan fundamento al proyecto, sus impulsores recordaron que la Ley 15.000 se aplica para aquellos funcionarios que dependen de la gobernaci\u00f3n provincial, pero que puede extenderse a los de las administraciones municipales \u201cya que la ley invita a sumarse a los 135 municipios, a sus concejos deliberantes\u201d y, tambi\u00e9n, \u201ca las asociaciones gremiales y a toda entidad que administre derechos e intereses entre el sector p\u00fablico y la ciudadan\u00eda\u201d.<br \/>\nEn tal sentido, en el Art\u00edculo 2 del proyecto de ordenanza que se aprob\u00f3 ayer, se detalla que \u201cquedan expresamente comprendidos (\u2026): Intendente Municipal; Secretarios del Departamento Ejecutivo; Concejales; Secretarios del Concejo Deliberante y de los bloques pol\u00edticos; Directores; Contador y Tesorero; Personal que intervenga en el manejo de fondos p\u00fablicos, administre patrimonio p\u00fablico, integre comisiones de adjudicaciones o recepci\u00f3n de bienes, participe en licitaciones, concursos y concesiones de servicios y jefe de personal o recursos humanos\u201d.<br \/>\nFuente: Diario El Norte<\/p>\n","protected":false},"excerpt":{"rendered":"<p>El Concejo Deliberante aprob\u00f3 ayer la adhesi\u00f3n de San Nicol\u00e1s a la Ley provincial 15.000 que obliga a los funcionarios p\u00fablicos a rendir sus situaciones patrimoniales a trav\u00e9s de declaraciones juradas. La ordenanza resultante ata\u00f1e a los cargos de intendente, concejal, y secretario, subsecretario y director del Ejecutivo municipal. A trav\u00e9s de una iniciativa legislativa [&hellip;]<\/p>\n","protected":false},"author":4,"featured_media":31546,"comment_status":"open","ping_status":"closed","sticky":false,"template":"","format":"standard","meta":{"om_disable_all_campaigns":false,"_jetpack_memberships_contains_paid_content":false,"footnotes":""},"categories":[621],"tags":[],"class_list":["post-31545","post","type-post","status-publish","format-standard","has-post-thumbnail","hentry","category-regionales"],"aioseo_notices":[],"gutentor_comment":0,"jetpack_featured_media_url":"https:\/\/eldiariodesanpedro.com.ar\/sitio\/wp-content\/uploads\/2018\/04\/elnorte5acfd60a00572_municipalidad.jpg","jetpack_shortlink":"https:\/\/wp.me\/p6RhLt-8cN","jetpack_sharing_enabled":true,"_links":{"self":[{"href":"https:\/\/eldiariodesanpedro.com.ar\/sitio\/wp-json\/wp\/v2\/posts\/31545","targetHints":{"allow":["GET"]}}],"collection":[{"href":"https:\/\/eldiariodesanpedro.com.ar\/sitio\/wp-json\/wp\/v2\/posts"}],"about":[{"href":"https:\/\/eldiariodesanpedro.com.ar\/sitio\/wp-json\/wp\/v2\/types\/post"}],"author":[{"embeddable":true,"href":"https:\/\/eldiariodesanpedro.com.ar\/sitio\/wp-json\/wp\/v2\/users\/4"}],"replies":[{"embeddable":true,"href":"https:\/\/eldiariodesanpedro.com.ar\/sitio\/wp-json\/wp\/v2\/comments?post=31545"}],"version-history":[{"count":1,"href":"https:\/\/eldiariodesanpedro.com.ar\/sitio\/wp-json\/wp\/v2\/posts\/31545\/revisions"}],"predecessor-version":[{"id":31547,"href":"https:\/\/eldiariodesanpedro.com.ar\/sitio\/wp-json\/wp\/v2\/posts\/31545\/revisions\/31547"}],"wp:featuredmedia":[{"embeddable":true,"href":"https:\/\/eldiariodesanpedro.com.ar\/sitio\/wp-json\/wp\/v2\/media\/31546"}],"wp:attachment":[{"href":"https:\/\/eldiariodesanpedro.com.ar\/sitio\/wp-json\/wp\/v2\/media?parent=31545"}],"wp:term":[{"taxonomy":"category","embeddable":true,"href":"https:\/\/eldiariodesanpedro.com.ar\/sitio\/wp-json\/wp\/v2\/categories?post=31545"},{"taxonomy":"post_tag","embeddable":true,"href":"https:\/\/eldiariodesanpedro.com.ar\/sitio\/wp-json\/wp\/v2\/tags?post=31545"}],"curies":[{"name":"wp","href":"https:\/\/api.w.org\/{rel}","templated":true}]}}