{"id":31542,"date":"2018-04-12T18:13:43","date_gmt":"2018-04-12T21:13:43","guid":{"rendered":"https:\/\/eldiariodesanpedro.com.ar\/sitio\/?p=31542"},"modified":"2018-04-12T18:13:43","modified_gmt":"2018-04-12T21:13:43","slug":"san-nicolas-disolvieron-la-policia-distrital","status":"publish","type":"post","link":"https:\/\/eldiariodesanpedro.com.ar\/sitio\/san-nicolas-disolvieron-la-policia-distrital\/","title":{"rendered":"SAN NICOL\u00c1S: Disolvieron la Polic\u00eda Distrital"},"content":{"rendered":"<p><!-- VideographyWP Plugin Message: Automatic video embedding prevented by plugin options. --><br \/>\nEn horas de la ma\u00f1ana del mi\u00e9rcoles, en el asiento de la Jefatura de Distrito San Nicol\u00e1s, se hizo presente el Superintendente de Seguridad Regi\u00f3n Interior Norte Comisario General Rub\u00e9n Alberto Rojo, acompa\u00f1ado por el Jefe Departamental de Seguridad San Nicol\u00e1s Comisario Mayor Jorge Anibal Palacios, en cumplimiento de directivas dispuestas por la Superioridad, a los fines de proceder al cese de la Jefatura Distrital San Nicol\u00e1s, que se hallaba a cargo del Comisario Pablo Nicol\u00e1s Scoropad.<\/p>\n<p>De esta manera se realiz\u00f3 el traspaso de los recursos humanos y log\u00edsticos de dicha Dependencia disuelta, hacia el Comando de Patrullas San Nicol\u00e1s, confirmando al frente del mismo al Comisario Inspector Gabriel Fernando Cabral.<\/p>\n<p>Del acto participaron, el Subjefe Departamental de Seguridad San Nicol\u00e1s Comisario Inspector Gustavo Comiso, el Jefe de la Polic\u00eda Local Comisario Inspector Jorge Oscar Ayala y los titulares de las tres Comisar\u00edas de San Nicol\u00e1s. Por parte de la Municipalidad de San Nicol\u00e1s se cont\u00f3 con la presencia del Secretario en Atenci\u00f3n y Gesti\u00f3n Ciudadana Ingeniero Carlos Capra, y la Subsecretaria en Gesti\u00f3n Ciudadana Ingeniera Natalia .<\/p>\n<p>Fuente: Diario El Norte<\/p>\n","protected":false},"excerpt":{"rendered":"<p>En horas de la ma\u00f1ana del mi\u00e9rcoles, en el asiento de la Jefatura de Distrito San Nicol\u00e1s, se hizo presente el Superintendente de Seguridad Regi\u00f3n Interior Norte Comisario General Rub\u00e9n Alberto Rojo, acompa\u00f1ado por el Jefe Departamental de Seguridad San Nicol\u00e1s Comisario Mayor Jorge Anibal Palacios, en cumplimiento de directivas dispuestas por la Superioridad, a [&hellip;]<\/p>\n","protected":false},"author":4,"featured_media":31543,"comment_status":"open","ping_status":"closed","sticky":false,"template":"","format":"standard","meta":{"om_disable_all_campaigns":false,"_jetpack_memberships_contains_paid_content":false,"footnotes":""},"categories":[621],"tags":[],"class_list":["post-31542","post","type-post","status-publish","format-standard","has-post-thumbnail","hentry","category-regionales"],"aioseo_notices":[],"gutentor_comment":0,"jetpack_featured_media_url":"https:\/\/eldiariodesanpedro.com.ar\/sitio\/wp-content\/uploads\/2018\/04\/PAGINA-6-DOS-1.jpg","jetpack_shortlink":"https:\/\/wp.me\/p6RhLt-8cK","jetpack_sharing_enabled":true,"_links":{"self":[{"href":"https:\/\/eldiariodesanpedro.com.ar\/sitio\/wp-json\/wp\/v2\/posts\/31542","targetHints":{"allow":["GET"]}}],"collection":[{"href":"https:\/\/eldiariodesanpedro.com.ar\/sitio\/wp-json\/wp\/v2\/posts"}],"about":[{"href":"https:\/\/eldiariodesanpedro.com.ar\/sitio\/wp-json\/wp\/v2\/types\/post"}],"author":[{"embeddable":true,"href":"https:\/\/eldiariodesanpedro.com.ar\/sitio\/wp-json\/wp\/v2\/users\/4"}],"replies":[{"embeddable":true,"href":"https:\/\/eldiariodesanpedro.com.ar\/sitio\/wp-json\/wp\/v2\/comments?post=31542"}],"version-history":[{"count":1,"href":"https:\/\/eldiariodesanpedro.com.ar\/sitio\/wp-json\/wp\/v2\/posts\/31542\/revisions"}],"predecessor-version":[{"id":31544,"href":"https:\/\/eldiariodesanpedro.com.ar\/sitio\/wp-json\/wp\/v2\/posts\/31542\/revisions\/31544"}],"wp:featuredmedia":[{"embeddable":true,"href":"https:\/\/eldiariodesanpedro.com.ar\/sitio\/wp-json\/wp\/v2\/media\/31543"}],"wp:attachment":[{"href":"https:\/\/eldiariodesanpedro.com.ar\/sitio\/wp-json\/wp\/v2\/media?parent=31542"}],"wp:term":[{"taxonomy":"category","embeddable":true,"href":"https:\/\/eldiariodesanpedro.com.ar\/sitio\/wp-json\/wp\/v2\/categories?post=31542"},{"taxonomy":"post_tag","embeddable":true,"href":"https:\/\/eldiariodesanpedro.com.ar\/sitio\/wp-json\/wp\/v2\/tags?post=31542"}],"curies":[{"name":"wp","href":"https:\/\/api.w.org\/{rel}","templated":true}]}}