{"id":31538,"date":"2018-04-12T18:11:38","date_gmt":"2018-04-12T21:11:38","guid":{"rendered":"https:\/\/eldiariodesanpedro.com.ar\/sitio\/?p=31538"},"modified":"2018-04-12T18:11:38","modified_gmt":"2018-04-12T21:11:38","slug":"baradero-allanaron-buscando-una-soldadora-pero-encontraron-armas-de-fuego-y-marihuana","status":"publish","type":"post","link":"https:\/\/eldiariodesanpedro.com.ar\/sitio\/baradero-allanaron-buscando-una-soldadora-pero-encontraron-armas-de-fuego-y-marihuana\/","title":{"rendered":"BARADERO: Allanaron buscando una soldadora pero encontraron armas de fuego y marihuana"},"content":{"rendered":"<p><!-- VideographyWP Plugin Message: Automatic video embedding prevented by plugin options. --><br \/>\nEl allanamiento se llev\u00f3 a cabo en la tarde de este mi\u00e9rcoles en una propiedad ubicada en calle Alfredo Cossi en intersecci\u00f3n con las v\u00edas v\u00edas. Si bien buscaban elementos robados, se encontraron con otros delitos.<\/p>\n<p>El Sub Comisario Facundo Fiorabanti explic\u00f3 lo sucedido en 105.7 Tu Radio en donde cont\u00f3 que el procedimiento policial se inicio por datos que se hab\u00edan aportado sobre el hurto en el Tiro Federal ocurrido d\u00edas atr\u00e1s.<\/p>\n<p>Se obtuvieron datos en la investigaci\u00f3n que indicaban que una maquina de soldar que faltaba hab\u00eda sido comprada por una persona. Por esos aportes surgi\u00f3 como posible lugar a investigar este domicilio en Alfredo Cossi.<\/p>\n<p>Pero en la requisa de la vivienda la polic\u00eda encontr\u00f3 una escopeta calibre 16, un revolver, m\u00e1s de 100 municiones calibre 22 y varios cartuchos de escopeta. Ambas armas, sin documentaci\u00f3n.<\/p>\n<p>Adem\u00e1s en una caja de zapatos y en frascos de vidrio  descubrieron alrededor de 170 gramos de marihuana, elementos trituradores y una balanza. Como as\u00ed tambi\u00e9n m\u00e1s de once mil pesos que se encontraban en la vivienda.<\/p>\n<p>Avisaron a la fiscal\u00eda en turno, a cargo del fiscal Vicente G\u00f3mez que el resultado del allanamiento era negativo en cuanto a lo que buscaban pero cont\u00e1ndole lo que hab\u00edan hallado. Por tal motivo, el fiscal solicit\u00f3 el secuestro de todos los elementos, incluso el tel\u00e9fono personal del morador de la vivienda y uno que se encontraba en el lugar. A su vez, se dispuso la aprehensi\u00f3n del sujeto, quien sigue aprehendido en la comisar\u00eda comunal.<\/p>\n<p>Se iniciaron causas por infracci\u00f3n a la ley de estupefacientes y tenencia ilegal de armas de fuego de uso civil.<\/p>\n<p>Fuente: Tu Linea Directa<\/p>\n","protected":false},"excerpt":{"rendered":"<p>El allanamiento se llev\u00f3 a cabo en la tarde de este mi\u00e9rcoles en una propiedad ubicada en calle Alfredo Cossi en intersecci\u00f3n con las v\u00edas v\u00edas. Si bien buscaban elementos robados, se encontraron con otros delitos. El Sub Comisario Facundo Fiorabanti explic\u00f3 lo sucedido en 105.7 Tu Radio en donde cont\u00f3 que el procedimiento policial [&hellip;]<\/p>\n","protected":false},"author":4,"featured_media":31540,"comment_status":"open","ping_status":"closed","sticky":false,"template":"","format":"standard","meta":{"om_disable_all_campaigns":false,"_jetpack_memberships_contains_paid_content":false,"footnotes":""},"categories":[621],"tags":[],"class_list":["post-31538","post","type-post","status-publish","format-standard","has-post-thumbnail","hentry","category-regionales"],"aioseo_notices":[],"gutentor_comment":0,"jetpack_featured_media_url":"https:\/\/eldiariodesanpedro.com.ar\/sitio\/wp-content\/uploads\/2018\/04\/PAGINA-6-UNO-2.jpg","jetpack_shortlink":"https:\/\/wp.me\/p6RhLt-8cG","jetpack_sharing_enabled":true,"_links":{"self":[{"href":"https:\/\/eldiariodesanpedro.com.ar\/sitio\/wp-json\/wp\/v2\/posts\/31538","targetHints":{"allow":["GET"]}}],"collection":[{"href":"https:\/\/eldiariodesanpedro.com.ar\/sitio\/wp-json\/wp\/v2\/posts"}],"about":[{"href":"https:\/\/eldiariodesanpedro.com.ar\/sitio\/wp-json\/wp\/v2\/types\/post"}],"author":[{"embeddable":true,"href":"https:\/\/eldiariodesanpedro.com.ar\/sitio\/wp-json\/wp\/v2\/users\/4"}],"replies":[{"embeddable":true,"href":"https:\/\/eldiariodesanpedro.com.ar\/sitio\/wp-json\/wp\/v2\/comments?post=31538"}],"version-history":[{"count":1,"href":"https:\/\/eldiariodesanpedro.com.ar\/sitio\/wp-json\/wp\/v2\/posts\/31538\/revisions"}],"predecessor-version":[{"id":31541,"href":"https:\/\/eldiariodesanpedro.com.ar\/sitio\/wp-json\/wp\/v2\/posts\/31538\/revisions\/31541"}],"wp:featuredmedia":[{"embeddable":true,"href":"https:\/\/eldiariodesanpedro.com.ar\/sitio\/wp-json\/wp\/v2\/media\/31540"}],"wp:attachment":[{"href":"https:\/\/eldiariodesanpedro.com.ar\/sitio\/wp-json\/wp\/v2\/media?parent=31538"}],"wp:term":[{"taxonomy":"category","embeddable":true,"href":"https:\/\/eldiariodesanpedro.com.ar\/sitio\/wp-json\/wp\/v2\/categories?post=31538"},{"taxonomy":"post_tag","embeddable":true,"href":"https:\/\/eldiariodesanpedro.com.ar\/sitio\/wp-json\/wp\/v2\/tags?post=31538"}],"curies":[{"name":"wp","href":"https:\/\/api.w.org\/{rel}","templated":true}]}}