{"id":31534,"date":"2018-04-12T17:58:06","date_gmt":"2018-04-12T20:58:06","guid":{"rendered":"https:\/\/eldiariodesanpedro.com.ar\/sitio\/?p=31534"},"modified":"2018-04-12T17:58:06","modified_gmt":"2018-04-12T20:58:06","slug":"charlas-en-escuelas-dentro-de-la-campana-chicos-sin-alcohol","status":"publish","type":"post","link":"https:\/\/eldiariodesanpedro.com.ar\/sitio\/charlas-en-escuelas-dentro-de-la-campana-chicos-sin-alcohol\/","title":{"rendered":"Charlas en escuelas dentro de la campa\u00f1a Chicos Sin Alcohol"},"content":{"rendered":"<p><!-- VideographyWP Plugin Message: Automatic video embedding prevented by plugin options. --><br \/>\nCon la participaci\u00f3n de m\u00e9dicos y m\u00e9dicas de la Comisi\u00f3n de Educaci\u00f3n del C\u00edrculo M\u00e9dico de San Pedro est\u00e1 en pleno desarrollo la versi\u00f3n local de la campa\u00f1a Alcohol: Conciencia Con Ciencia enmarcada en el proyecto de la ONG Chicos Sin Alcohol que ha lanzado diferentes acciones de promoci\u00f3n y relevamiento de datos sobre un tema trascendental para los j\u00f3venes como el alcoholismo.<\/p>\n<p>Adem\u00e1s de la circulaci\u00f3n en medios de comunicaci\u00f3n y redes sociales de piezas publicitarias elaboradas por el Consejo Publicitario Argentino, se est\u00e1n efectuando encuestas con j\u00f3venes y charlas sumamente interesantes en los colegios. Las primeras se organizaron en la Escuela Normal y la agenda contin\u00faa durante los pr\u00f3ximos d\u00edas. Los resultados e informes que se obtengan de esta campa\u00f1a que puedan ser divulgados para favorecer el efecto de la campa\u00f1a ser\u00e1n presentados m\u00e1s adelante pero lo m\u00e1s importante es, sin dudas, mantener en agenda y en discusi\u00f3n en todos los espacios posibles, un tema que merece ser abordado por todos.<\/p>\n<p>Junto al C\u00edrculo M\u00e9dico son parte de esta campa\u00f1a la Municipalidad de San Pedro a trav\u00e9s de la Secretar\u00eda de Salud, la Jefatura Distrital de Educaci\u00f3n y el Centro Preventivo de Adicciones.<\/p>\n","protected":false},"excerpt":{"rendered":"<p>Con la participaci\u00f3n de m\u00e9dicos y m\u00e9dicas de la Comisi\u00f3n de Educaci\u00f3n del C\u00edrculo M\u00e9dico de San Pedro est\u00e1 en pleno desarrollo la versi\u00f3n local de la campa\u00f1a Alcohol: Conciencia Con Ciencia enmarcada en el proyecto de la ONG Chicos Sin Alcohol que ha lanzado diferentes acciones de promoci\u00f3n y relevamiento de datos sobre un [&hellip;]<\/p>\n","protected":false},"author":4,"featured_media":31535,"comment_status":"open","ping_status":"closed","sticky":false,"template":"","format":"standard","meta":{"om_disable_all_campaigns":false,"_jetpack_memberships_contains_paid_content":false,"footnotes":""},"categories":[101,2],"tags":[],"class_list":["post-31534","post","type-post","status-publish","format-standard","has-post-thumbnail","hentry","category-interes-general-locales","category-locales"],"aioseo_notices":[],"gutentor_comment":0,"jetpack_featured_media_url":"https:\/\/eldiariodesanpedro.com.ar\/sitio\/wp-content\/uploads\/2018\/04\/charla-circulo-1.jpg","jetpack_shortlink":"https:\/\/wp.me\/p6RhLt-8cC","jetpack_sharing_enabled":true,"_links":{"self":[{"href":"https:\/\/eldiariodesanpedro.com.ar\/sitio\/wp-json\/wp\/v2\/posts\/31534","targetHints":{"allow":["GET"]}}],"collection":[{"href":"https:\/\/eldiariodesanpedro.com.ar\/sitio\/wp-json\/wp\/v2\/posts"}],"about":[{"href":"https:\/\/eldiariodesanpedro.com.ar\/sitio\/wp-json\/wp\/v2\/types\/post"}],"author":[{"embeddable":true,"href":"https:\/\/eldiariodesanpedro.com.ar\/sitio\/wp-json\/wp\/v2\/users\/4"}],"replies":[{"embeddable":true,"href":"https:\/\/eldiariodesanpedro.com.ar\/sitio\/wp-json\/wp\/v2\/comments?post=31534"}],"version-history":[{"count":1,"href":"https:\/\/eldiariodesanpedro.com.ar\/sitio\/wp-json\/wp\/v2\/posts\/31534\/revisions"}],"predecessor-version":[{"id":31536,"href":"https:\/\/eldiariodesanpedro.com.ar\/sitio\/wp-json\/wp\/v2\/posts\/31534\/revisions\/31536"}],"wp:featuredmedia":[{"embeddable":true,"href":"https:\/\/eldiariodesanpedro.com.ar\/sitio\/wp-json\/wp\/v2\/media\/31535"}],"wp:attachment":[{"href":"https:\/\/eldiariodesanpedro.com.ar\/sitio\/wp-json\/wp\/v2\/media?parent=31534"}],"wp:term":[{"taxonomy":"category","embeddable":true,"href":"https:\/\/eldiariodesanpedro.com.ar\/sitio\/wp-json\/wp\/v2\/categories?post=31534"},{"taxonomy":"post_tag","embeddable":true,"href":"https:\/\/eldiariodesanpedro.com.ar\/sitio\/wp-json\/wp\/v2\/tags?post=31534"}],"curies":[{"name":"wp","href":"https:\/\/api.w.org\/{rel}","templated":true}]}}