{"id":31528,"date":"2018-04-12T11:32:33","date_gmt":"2018-04-12T14:32:33","guid":{"rendered":"https:\/\/eldiariodesanpedro.com.ar\/sitio\/?p=31528"},"modified":"2018-04-12T11:32:33","modified_gmt":"2018-04-12T14:32:33","slug":"un-joven-de-14-anos-herida-por-otra-en-una-rina-en-la-escuela-3","status":"publish","type":"post","link":"https:\/\/eldiariodesanpedro.com.ar\/sitio\/un-joven-de-14-anos-herida-por-otra-en-una-rina-en-la-escuela-3\/","title":{"rendered":"Un joven de 14 a\u00f1os herida por otra en una ri\u00f1a en la escuela 3"},"content":{"rendered":"<p><!-- VideographyWP Plugin Message: Automatic video embedding prevented by plugin options. --><br \/>\nUn hecho de violencia ocurri\u00f3 este mi\u00e9rcoles en la escuela 3 ubicada en calle Las Provincias y Balcarce donde una joven resulto herida al ser golpeada por otra compa\u00f1era.<\/p>\n<p>Seg\u00fan estableci\u00f3 la abuela de la joven lesionada, una mujer de 54 a\u00f1os, quien realiz\u00f3 la denuncia en la comisar\u00eda local luego de que se produjera una gresca entre dos alumnas de 14 a\u00f1os del establecimiento educativo n\u00famero 3.<\/p>\n<p>Por lo que se pudo constatar por las lesiones recibidas y la declaraci\u00f3n realizada por la joven se constato que la menor recibi\u00f3 golpe de pu\u00f1os y ademas tambi\u00e9n fue golpeada por un objeto met\u00e1lico contundente similar a una manopla por lo que sufri\u00f3 una herida cortante en el cuero cabelludo.<\/p>\n","protected":false},"excerpt":{"rendered":"<p>Un hecho de violencia ocurri\u00f3 este mi\u00e9rcoles en la escuela 3 ubicada en calle Las Provincias y Balcarce donde una joven resulto herida al ser golpeada por otra compa\u00f1era. Seg\u00fan estableci\u00f3 la abuela de la joven lesionada, una mujer de 54 a\u00f1os, quien realiz\u00f3 la denuncia en la comisar\u00eda local luego de que se produjera [&hellip;]<\/p>\n","protected":false},"author":4,"featured_media":31529,"comment_status":"open","ping_status":"closed","sticky":false,"template":"","format":"standard","meta":{"om_disable_all_campaigns":false,"_jetpack_memberships_contains_paid_content":false,"footnotes":""},"categories":[2,103],"tags":[],"class_list":["post-31528","post","type-post","status-publish","format-standard","has-post-thumbnail","hentry","category-locales","category-policiales-locales"],"aioseo_notices":[],"gutentor_comment":0,"jetpack_featured_media_url":"https:\/\/eldiariodesanpedro.com.ar\/sitio\/wp-content\/uploads\/2018\/04\/Escuela-3.png","jetpack_shortlink":"https:\/\/wp.me\/p6RhLt-8cw","jetpack_sharing_enabled":true,"_links":{"self":[{"href":"https:\/\/eldiariodesanpedro.com.ar\/sitio\/wp-json\/wp\/v2\/posts\/31528","targetHints":{"allow":["GET"]}}],"collection":[{"href":"https:\/\/eldiariodesanpedro.com.ar\/sitio\/wp-json\/wp\/v2\/posts"}],"about":[{"href":"https:\/\/eldiariodesanpedro.com.ar\/sitio\/wp-json\/wp\/v2\/types\/post"}],"author":[{"embeddable":true,"href":"https:\/\/eldiariodesanpedro.com.ar\/sitio\/wp-json\/wp\/v2\/users\/4"}],"replies":[{"embeddable":true,"href":"https:\/\/eldiariodesanpedro.com.ar\/sitio\/wp-json\/wp\/v2\/comments?post=31528"}],"version-history":[{"count":1,"href":"https:\/\/eldiariodesanpedro.com.ar\/sitio\/wp-json\/wp\/v2\/posts\/31528\/revisions"}],"predecessor-version":[{"id":31530,"href":"https:\/\/eldiariodesanpedro.com.ar\/sitio\/wp-json\/wp\/v2\/posts\/31528\/revisions\/31530"}],"wp:featuredmedia":[{"embeddable":true,"href":"https:\/\/eldiariodesanpedro.com.ar\/sitio\/wp-json\/wp\/v2\/media\/31529"}],"wp:attachment":[{"href":"https:\/\/eldiariodesanpedro.com.ar\/sitio\/wp-json\/wp\/v2\/media?parent=31528"}],"wp:term":[{"taxonomy":"category","embeddable":true,"href":"https:\/\/eldiariodesanpedro.com.ar\/sitio\/wp-json\/wp\/v2\/categories?post=31528"},{"taxonomy":"post_tag","embeddable":true,"href":"https:\/\/eldiariodesanpedro.com.ar\/sitio\/wp-json\/wp\/v2\/tags?post=31528"}],"curies":[{"name":"wp","href":"https:\/\/api.w.org\/{rel}","templated":true}]}}