{"id":31526,"date":"2018-04-12T10:50:38","date_gmt":"2018-04-12T13:50:38","guid":{"rendered":"https:\/\/eldiariodesanpedro.com.ar\/sitio\/?p=31526"},"modified":"2018-04-12T10:50:38","modified_gmt":"2018-04-12T13:50:38","slug":"la-policia-secuestro-tres-motos-robadas-2","status":"publish","type":"post","link":"https:\/\/eldiariodesanpedro.com.ar\/sitio\/la-policia-secuestro-tres-motos-robadas-2\/","title":{"rendered":"La polic\u00eda secuestr\u00f3 tres motos robadas"},"content":{"rendered":"<p><!-- VideographyWP Plugin Message: Automatic video embedding prevented by plugin options. --><br \/>\nEn el pasado mi\u00e9rcoles fueron secuestradas tres motocicletas con pedido de secuestro activo por el personal de la polic\u00eda de nuestra ciudad.<br \/>\nEn primer lugar en marco de distintos operativos realizados en calle 25 de Mayo y Balcarce de ciudad procedi\u00f3 identificaci\u00f3n de masculino de 27 a\u00f1os quien circulaba en motocicleta Corven 110 cc, logr\u00e1ndose establecer que esta presenta pedido de secuestro activo por el delito de hurto. El conductor fue notificado de la formaci\u00f3n de la causa y el rodado secuestrado.<\/p>\n<p>En una segunda oportunidad en la localidad de Santa Lucia realizando operativo de interceptaci\u00f3n, procede a la identificaci\u00f3n de masculino de 34 a\u00f1os quien circulaba a bordo de motocicleta Honda CB 190 R cual posee \u201cPedido de Secuestro Activo\u201d, solicitado por la UFI N 3 de departamento judicial de San Nicol\u00e1s, bajo la caratula de Hurto ocurrido el 18 de marzo de 2018. <\/p>\n<p>Al igual que la anterior la correspondiente fiscal\u00eda dispuso notificar al conductor de las actuaciones y secuestro de rodado.<\/p>\n<p>En el ultimo caso en calle Riobamba y 35 Bis procedi\u00f3 al hallazgo de una motocicleta de color azul con detalles en color blanco detallada, logr\u00e1ndose establecer que la misma posee pedido de secuestro activo, por hurto desde el 01 de abril de este a\u00f1o, solicitado por UFI N\u00b0 9 Dr. Vicente G\u00f3mez de la vecina localidad de Baradero.  <\/p>\n","protected":false},"excerpt":{"rendered":"<p>En el pasado mi\u00e9rcoles fueron secuestradas tres motocicletas con pedido de secuestro activo por el personal de la polic\u00eda de nuestra ciudad. En primer lugar en marco de distintos operativos realizados en calle 25 de Mayo y Balcarce de ciudad procedi\u00f3 identificaci\u00f3n de masculino de 27 a\u00f1os quien circulaba en motocicleta Corven 110 cc, logr\u00e1ndose [&hellip;]<\/p>\n","protected":false},"author":4,"featured_media":19654,"comment_status":"open","ping_status":"closed","sticky":false,"template":"","format":"standard","meta":{"om_disable_all_campaigns":false,"_jetpack_memberships_contains_paid_content":false,"footnotes":""},"categories":[2,103],"tags":[],"class_list":["post-31526","post","type-post","status-publish","format-standard","has-post-thumbnail","hentry","category-locales","category-policiales-locales"],"aioseo_notices":[],"gutentor_comment":0,"jetpack_featured_media_url":"https:\/\/eldiariodesanpedro.com.ar\/sitio\/wp-content\/uploads\/2017\/06\/moto-e1497271939906.jpg","jetpack_shortlink":"https:\/\/wp.me\/p6RhLt-8cu","jetpack_sharing_enabled":true,"_links":{"self":[{"href":"https:\/\/eldiariodesanpedro.com.ar\/sitio\/wp-json\/wp\/v2\/posts\/31526","targetHints":{"allow":["GET"]}}],"collection":[{"href":"https:\/\/eldiariodesanpedro.com.ar\/sitio\/wp-json\/wp\/v2\/posts"}],"about":[{"href":"https:\/\/eldiariodesanpedro.com.ar\/sitio\/wp-json\/wp\/v2\/types\/post"}],"author":[{"embeddable":true,"href":"https:\/\/eldiariodesanpedro.com.ar\/sitio\/wp-json\/wp\/v2\/users\/4"}],"replies":[{"embeddable":true,"href":"https:\/\/eldiariodesanpedro.com.ar\/sitio\/wp-json\/wp\/v2\/comments?post=31526"}],"version-history":[{"count":1,"href":"https:\/\/eldiariodesanpedro.com.ar\/sitio\/wp-json\/wp\/v2\/posts\/31526\/revisions"}],"predecessor-version":[{"id":31527,"href":"https:\/\/eldiariodesanpedro.com.ar\/sitio\/wp-json\/wp\/v2\/posts\/31526\/revisions\/31527"}],"wp:featuredmedia":[{"embeddable":true,"href":"https:\/\/eldiariodesanpedro.com.ar\/sitio\/wp-json\/wp\/v2\/media\/19654"}],"wp:attachment":[{"href":"https:\/\/eldiariodesanpedro.com.ar\/sitio\/wp-json\/wp\/v2\/media?parent=31526"}],"wp:term":[{"taxonomy":"category","embeddable":true,"href":"https:\/\/eldiariodesanpedro.com.ar\/sitio\/wp-json\/wp\/v2\/categories?post=31526"},{"taxonomy":"post_tag","embeddable":true,"href":"https:\/\/eldiariodesanpedro.com.ar\/sitio\/wp-json\/wp\/v2\/tags?post=31526"}],"curies":[{"name":"wp","href":"https:\/\/api.w.org\/{rel}","templated":true}]}}