{"id":31524,"date":"2018-04-12T10:40:10","date_gmt":"2018-04-12T13:40:10","guid":{"rendered":"https:\/\/eldiariodesanpedro.com.ar\/sitio\/?p=31524"},"modified":"2018-04-12T10:40:10","modified_gmt":"2018-04-12T13:40:10","slug":"dos-accidentes-durante-el-pasado-miercoles","status":"publish","type":"post","link":"https:\/\/eldiariodesanpedro.com.ar\/sitio\/dos-accidentes-durante-el-pasado-miercoles\/","title":{"rendered":"Dos accidentes durante el pasado mi\u00e9rcoles"},"content":{"rendered":"<p><!-- VideographyWP Plugin Message: Automatic video embedding prevented by plugin options. --><br \/>\nDurante la jornada del mi\u00e9rcoles ocurrieron dos accidentes de tr\u00e1nsitos en lo que afortunadamente no se registraron heridos de gravedad, en el primer siniestro el personal policial se comisiono hasta calle Ayacucho e Ituzaingo, donde por causas tratase de establecer colisiona un autom\u00f3vil de la marca VW polo de color gris conducido por ciudadano de 72 a\u00f1os con motocicleta 110 cc de color negra conducida por una joven de 24 a\u00f1os y su hija de 7 a\u00f1os. <\/p>\n<p>Como consecuencias la mujer de 24 resulta lesionada trasladada nosocomio local, donde recupera el alta medica minutos despu\u00e9s por presentar lesiones de car\u00e1cter leves y su hija ilesa. <\/p>\n<p>Horas mas tarde otro m\u00f3vil se comisiono hasta calle Honorio Pueyrredon y Salta de ciudad donde colisionan autom\u00f3vil Ford focus de color gris oscuro con motocicletas 70 cc, donde fueron trasladados por el SAME dos j\u00f3venes mujeres ocupantes del rodado menor a sede de nosocomio local como precauci\u00f3n ya que estas  no presentaban lesiones.<\/p>\n","protected":false},"excerpt":{"rendered":"<p>Durante la jornada del mi\u00e9rcoles ocurrieron dos accidentes de tr\u00e1nsitos en lo que afortunadamente no se registraron heridos de gravedad, en el primer siniestro el personal policial se comisiono hasta calle Ayacucho e Ituzaingo, donde por causas tratase de establecer colisiona un autom\u00f3vil de la marca VW polo de color gris conducido por ciudadano de [&hellip;]<\/p>\n","protected":false},"author":4,"featured_media":25808,"comment_status":"open","ping_status":"closed","sticky":false,"template":"","format":"standard","meta":{"om_disable_all_campaigns":false,"_jetpack_memberships_contains_paid_content":false,"footnotes":""},"categories":[2,103],"tags":[],"class_list":["post-31524","post","type-post","status-publish","format-standard","has-post-thumbnail","hentry","category-locales","category-policiales-locales"],"aioseo_notices":[],"gutentor_comment":0,"jetpack_featured_media_url":"https:\/\/eldiariodesanpedro.com.ar\/sitio\/wp-content\/uploads\/2017\/11\/Los-accidentados-fueron-derivados-a-la-Guardia.jpg","jetpack_shortlink":"https:\/\/wp.me\/p6RhLt-8cs","jetpack_sharing_enabled":true,"_links":{"self":[{"href":"https:\/\/eldiariodesanpedro.com.ar\/sitio\/wp-json\/wp\/v2\/posts\/31524","targetHints":{"allow":["GET"]}}],"collection":[{"href":"https:\/\/eldiariodesanpedro.com.ar\/sitio\/wp-json\/wp\/v2\/posts"}],"about":[{"href":"https:\/\/eldiariodesanpedro.com.ar\/sitio\/wp-json\/wp\/v2\/types\/post"}],"author":[{"embeddable":true,"href":"https:\/\/eldiariodesanpedro.com.ar\/sitio\/wp-json\/wp\/v2\/users\/4"}],"replies":[{"embeddable":true,"href":"https:\/\/eldiariodesanpedro.com.ar\/sitio\/wp-json\/wp\/v2\/comments?post=31524"}],"version-history":[{"count":1,"href":"https:\/\/eldiariodesanpedro.com.ar\/sitio\/wp-json\/wp\/v2\/posts\/31524\/revisions"}],"predecessor-version":[{"id":31525,"href":"https:\/\/eldiariodesanpedro.com.ar\/sitio\/wp-json\/wp\/v2\/posts\/31524\/revisions\/31525"}],"wp:featuredmedia":[{"embeddable":true,"href":"https:\/\/eldiariodesanpedro.com.ar\/sitio\/wp-json\/wp\/v2\/media\/25808"}],"wp:attachment":[{"href":"https:\/\/eldiariodesanpedro.com.ar\/sitio\/wp-json\/wp\/v2\/media?parent=31524"}],"wp:term":[{"taxonomy":"category","embeddable":true,"href":"https:\/\/eldiariodesanpedro.com.ar\/sitio\/wp-json\/wp\/v2\/categories?post=31524"},{"taxonomy":"post_tag","embeddable":true,"href":"https:\/\/eldiariodesanpedro.com.ar\/sitio\/wp-json\/wp\/v2\/tags?post=31524"}],"curies":[{"name":"wp","href":"https:\/\/api.w.org\/{rel}","templated":true}]}}