{"id":31522,"date":"2018-04-12T10:23:42","date_gmt":"2018-04-12T13:23:42","guid":{"rendered":"https:\/\/eldiariodesanpedro.com.ar\/sitio\/?p=31522"},"modified":"2018-04-12T10:23:42","modified_gmt":"2018-04-12T13:23:42","slug":"un-hombre-de-65-anos-se-quito-la-vida","status":"publish","type":"post","link":"https:\/\/eldiariodesanpedro.com.ar\/sitio\/un-hombre-de-65-anos-se-quito-la-vida\/","title":{"rendered":"Un hombre de 65 a\u00f1os se quit\u00f3 la vida"},"content":{"rendered":"<p><!-- VideographyWP Plugin Message: Automatic video embedding prevented by plugin options. --><br \/>\nEste mi\u00e9rcoles se conoci\u00f3 la lamentable noticias de una nueva persona que se quita la vida a ra\u00edz de un llamado telef\u00f3nico al 911.<\/p>\n<p>El hecho ocurri\u00f3 en la localidad de Gobernador Castro en un domicilio ubicado calle Fray Cayetano Rodriguez s\/n donde se hallar\u00eda una persona de sexo masculino, sin vida en el interior de la vivienda, presente ambulancia del Hospital 26 de Julio de esa localidad, constatan el fallecimiento de este ciudadano de 65 a\u00f1os. <\/p>\n<p>Causante presentaba un cuadro de depresi\u00f3n por haber sufrido un ACV tiempo atr\u00e1s. UFI en turno dispuso autopsia hoy por la ma\u00f1ana.<\/p>\n","protected":false},"excerpt":{"rendered":"<p>Este mi\u00e9rcoles se conoci\u00f3 la lamentable noticias de una nueva persona que se quita la vida a ra\u00edz de un llamado telef\u00f3nico al 911. El hecho ocurri\u00f3 en la localidad de Gobernador Castro en un domicilio ubicado calle Fray Cayetano Rodriguez s\/n donde se hallar\u00eda una persona de sexo masculino, sin vida en el interior [&hellip;]<\/p>\n","protected":false},"author":4,"featured_media":1296,"comment_status":"open","ping_status":"closed","sticky":false,"template":"","format":"standard","meta":{"om_disable_all_campaigns":false,"_jetpack_memberships_contains_paid_content":false,"footnotes":""},"categories":[2,103],"tags":[],"class_list":["post-31522","post","type-post","status-publish","format-standard","has-post-thumbnail","hentry","category-locales","category-policiales-locales"],"aioseo_notices":[],"gutentor_comment":0,"jetpack_featured_media_url":"https:\/\/eldiariodesanpedro.com.ar\/sitio\/wp-content\/uploads\/2015\/12\/gobernador_castro_acceso1.jpg","jetpack_shortlink":"https:\/\/wp.me\/p6RhLt-8cq","jetpack_sharing_enabled":true,"_links":{"self":[{"href":"https:\/\/eldiariodesanpedro.com.ar\/sitio\/wp-json\/wp\/v2\/posts\/31522","targetHints":{"allow":["GET"]}}],"collection":[{"href":"https:\/\/eldiariodesanpedro.com.ar\/sitio\/wp-json\/wp\/v2\/posts"}],"about":[{"href":"https:\/\/eldiariodesanpedro.com.ar\/sitio\/wp-json\/wp\/v2\/types\/post"}],"author":[{"embeddable":true,"href":"https:\/\/eldiariodesanpedro.com.ar\/sitio\/wp-json\/wp\/v2\/users\/4"}],"replies":[{"embeddable":true,"href":"https:\/\/eldiariodesanpedro.com.ar\/sitio\/wp-json\/wp\/v2\/comments?post=31522"}],"version-history":[{"count":1,"href":"https:\/\/eldiariodesanpedro.com.ar\/sitio\/wp-json\/wp\/v2\/posts\/31522\/revisions"}],"predecessor-version":[{"id":31523,"href":"https:\/\/eldiariodesanpedro.com.ar\/sitio\/wp-json\/wp\/v2\/posts\/31522\/revisions\/31523"}],"wp:featuredmedia":[{"embeddable":true,"href":"https:\/\/eldiariodesanpedro.com.ar\/sitio\/wp-json\/wp\/v2\/media\/1296"}],"wp:attachment":[{"href":"https:\/\/eldiariodesanpedro.com.ar\/sitio\/wp-json\/wp\/v2\/media?parent=31522"}],"wp:term":[{"taxonomy":"category","embeddable":true,"href":"https:\/\/eldiariodesanpedro.com.ar\/sitio\/wp-json\/wp\/v2\/categories?post=31522"},{"taxonomy":"post_tag","embeddable":true,"href":"https:\/\/eldiariodesanpedro.com.ar\/sitio\/wp-json\/wp\/v2\/tags?post=31522"}],"curies":[{"name":"wp","href":"https:\/\/api.w.org\/{rel}","templated":true}]}}