{"id":31516,"date":"2018-04-12T10:13:09","date_gmt":"2018-04-12T13:13:09","guid":{"rendered":"https:\/\/eldiariodesanpedro.com.ar\/sitio\/?p=31516"},"modified":"2018-04-12T10:15:12","modified_gmt":"2018-04-12T13:15:12","slug":"este-sabado-vuelve-el-obligado-rock","status":"publish","type":"post","link":"https:\/\/eldiariodesanpedro.com.ar\/sitio\/este-sabado-vuelve-el-obligado-rock\/","title":{"rendered":"Este s\u00e1bado vuelve el Obligado Rock!"},"content":{"rendered":"<p><!-- VideographyWP Plugin Message: Automatic video embedding prevented by plugin options. --><br \/>\nSe present\u00f3 este jueves a la ma\u00f1ana en la Casona de la Direcci\u00f3n de Turismo la 2\u00b0 edici\u00f3n del festival Obligado Rock organizado por un grupo de emprendedores que tom\u00f3 esta iniciativa en el 2017. Buscando generar una alternativa musical que combine las caracter\u00edsticas \u00fanicas del Sitio Hist\u00f3rico y re\u00fana a bandas emergentes y conocidas del rock y otros g\u00e9neros conexos, tuvieron una primera experiencia que sent\u00f3 las bases para volver regresar y as\u00ed luchar por instalar una fecha y una convocatoria que puede acrecentarse con el tiempo.<\/p>\n<p>El responsable de la organizaci\u00f3n Juan Su\u00e1rez y el Delegado Municipal Hugo Borda esta ma\u00f1ana anunciaron que el festival con entrada libre y gratuita contar\u00e1 con los shows de  \u201cThe Cuervo\u2019s\u201d, \u201cVanadio\u201d, \u201cDrako Brujo\u201d, \u201cCr\u00e1neo Candente\u201d, \u201cSubliminal\u201d, \u201cPeregrino revoltoso\u201d y \u201cNavidad en Agosto\u201d,  \u201cA Flote Rock\u201d, \u201cEtrusco\u201d, \u201cLa Caldera Rock\u201d, \u201cLos Belsunce\u201d, \u201cVlad Tepes\u201d, \u201cJoss Rock\u201d, \u201cEgo social\u201d y \u201cEl Conventillo\u201d. El escenario y la infraestructura para acompa\u00f1ar el festival se montar\u00e1 en la plaza de la localidad con servicio de cantina y un comienzo estimado para las 12.30. La Municipalidad de San Pedro acompa\u00f1a esta iniciativa e invita a todos los fan\u00e1ticos del rock a acompa\u00f1ar la propuesta. <\/p>\n<p><img decoding=\"async\" data-attachment-id=\"31519\" data-permalink=\"https:\/\/eldiariodesanpedro.com.ar\/sitio\/este-sabado-vuelve-el-obligado-rock\/bandas-grilla-1\/\" data-orig-file=\"https:\/\/eldiariodesanpedro.com.ar\/sitio\/wp-content\/uploads\/2018\/04\/bandas-grilla-1.jpg\" data-orig-size=\"528,740\" data-comments-opened=\"1\" data-image-meta=\"{&quot;aperture&quot;:&quot;0&quot;,&quot;credit&quot;:&quot;&quot;,&quot;camera&quot;:&quot;&quot;,&quot;caption&quot;:&quot;&quot;,&quot;created_timestamp&quot;:&quot;0&quot;,&quot;copyright&quot;:&quot;&quot;,&quot;focal_length&quot;:&quot;0&quot;,&quot;iso&quot;:&quot;0&quot;,&quot;shutter_speed&quot;:&quot;0&quot;,&quot;title&quot;:&quot;&quot;,&quot;orientation&quot;:&quot;0&quot;}\" data-image-title=\"bandas grilla (1)\" data-image-description=\"\" data-image-caption=\"\" data-large-file=\"https:\/\/eldiariodesanpedro.com.ar\/sitio\/wp-content\/uploads\/2018\/04\/bandas-grilla-1.jpg\" data-src=\"https:\/\/eldiariodesanpedro.com.ar\/sitio\/wp-content\/uploads\/2018\/04\/bandas-grilla-1.jpg\" alt=\"\" width=\"528\" height=\"740\" class=\"alignnone size-full wp-image-31519 lazyload\" data-srcset=\"https:\/\/eldiariodesanpedro.com.ar\/sitio\/wp-content\/uploads\/2018\/04\/bandas-grilla-1.jpg 528w, https:\/\/eldiariodesanpedro.com.ar\/sitio\/wp-content\/uploads\/2018\/04\/bandas-grilla-1-214x300.jpg 214w\" data-sizes=\"(max-width: 528px) 100vw, 528px\" src=\"data:image\/svg+xml;base64,PHN2ZyB3aWR0aD0iMSIgaGVpZ2h0PSIxIiB4bWxucz0iaHR0cDovL3d3dy53My5vcmcvMjAwMC9zdmciPjwvc3ZnPg==\" style=\"--smush-placeholder-width: 528px; --smush-placeholder-aspect-ratio: 528\/740;\" \/><\/p>\n","protected":false},"excerpt":{"rendered":"<p>Se present\u00f3 este jueves a la ma\u00f1ana en la Casona de la Direcci\u00f3n de Turismo la 2\u00b0 edici\u00f3n del festival Obligado Rock organizado por un grupo de emprendedores que tom\u00f3 esta iniciativa en el 2017. Buscando generar una alternativa musical que combine las caracter\u00edsticas \u00fanicas del Sitio Hist\u00f3rico y re\u00fana a bandas emergentes y conocidas [&hellip;]<\/p>\n","protected":false},"author":4,"featured_media":31517,"comment_status":"open","ping_status":"closed","sticky":false,"template":"","format":"standard","meta":{"om_disable_all_campaigns":false,"_jetpack_memberships_contains_paid_content":false,"footnotes":""},"categories":[101,2],"tags":[],"class_list":["post-31516","post","type-post","status-publish","format-standard","has-post-thumbnail","hentry","category-interes-general-locales","category-locales"],"aioseo_notices":[],"gutentor_comment":0,"jetpack_featured_media_url":"https:\/\/eldiariodesanpedro.com.ar\/sitio\/wp-content\/uploads\/2018\/04\/bandas-grilla.jpg","jetpack_shortlink":"https:\/\/wp.me\/p6RhLt-8ck","jetpack_sharing_enabled":true,"_links":{"self":[{"href":"https:\/\/eldiariodesanpedro.com.ar\/sitio\/wp-json\/wp\/v2\/posts\/31516","targetHints":{"allow":["GET"]}}],"collection":[{"href":"https:\/\/eldiariodesanpedro.com.ar\/sitio\/wp-json\/wp\/v2\/posts"}],"about":[{"href":"https:\/\/eldiariodesanpedro.com.ar\/sitio\/wp-json\/wp\/v2\/types\/post"}],"author":[{"embeddable":true,"href":"https:\/\/eldiariodesanpedro.com.ar\/sitio\/wp-json\/wp\/v2\/users\/4"}],"replies":[{"embeddable":true,"href":"https:\/\/eldiariodesanpedro.com.ar\/sitio\/wp-json\/wp\/v2\/comments?post=31516"}],"version-history":[{"count":3,"href":"https:\/\/eldiariodesanpedro.com.ar\/sitio\/wp-json\/wp\/v2\/posts\/31516\/revisions"}],"predecessor-version":[{"id":31521,"href":"https:\/\/eldiariodesanpedro.com.ar\/sitio\/wp-json\/wp\/v2\/posts\/31516\/revisions\/31521"}],"wp:featuredmedia":[{"embeddable":true,"href":"https:\/\/eldiariodesanpedro.com.ar\/sitio\/wp-json\/wp\/v2\/media\/31517"}],"wp:attachment":[{"href":"https:\/\/eldiariodesanpedro.com.ar\/sitio\/wp-json\/wp\/v2\/media?parent=31516"}],"wp:term":[{"taxonomy":"category","embeddable":true,"href":"https:\/\/eldiariodesanpedro.com.ar\/sitio\/wp-json\/wp\/v2\/categories?post=31516"},{"taxonomy":"post_tag","embeddable":true,"href":"https:\/\/eldiariodesanpedro.com.ar\/sitio\/wp-json\/wp\/v2\/tags?post=31516"}],"curies":[{"name":"wp","href":"https:\/\/api.w.org\/{rel}","templated":true}]}}