{"id":31514,"date":"2018-04-12T09:56:52","date_gmt":"2018-04-12T12:56:52","guid":{"rendered":"https:\/\/eldiariodesanpedro.com.ar\/sitio\/?p=31514"},"modified":"2018-04-12T09:56:52","modified_gmt":"2018-04-12T12:56:52","slug":"primeros-cursos-en-el-aula-taller-de-gobernador-castro-el-proximo-lunes","status":"publish","type":"post","link":"https:\/\/eldiariodesanpedro.com.ar\/sitio\/primeros-cursos-en-el-aula-taller-de-gobernador-castro-el-proximo-lunes\/","title":{"rendered":"Primeros Cursos en el Aula Taller de Gobernador Castro el pr\u00f3ximo lunes"},"content":{"rendered":"<p><!-- VideographyWP Plugin Message: Automatic video embedding prevented by plugin options. --><br \/>\nEl pr\u00f3ximo lunes 16 de abril, dar\u00e1n comienzo los cursos planificados en el Aula Taller que lleg\u00f3 la semana pasada a Gobernador Castro, enviada  dentro del Programa Federal de Red de Aulas Talleres M\u00f3viles. Como se inform\u00f3 en su oportunidad, el objetivo de esta permanencia en la localidad es acercar alternativas de formaci\u00f3n para adolescentes, j\u00f3venes y adultos. <\/p>\n<p>La presencia del Aula implica tambi\u00e9n contribuir al desarrollo local en estas comunidades articulando ofertas formativas que respondan a las propias necesidades. Las aulas son estructuras que reproducen las caracter\u00edsticas de un espacio formativo como aula-taller; con las comodidades, condiciones de seguridad, higiene y equipamiento requeridos para tal fin. Las mismas est\u00e1n capacitadas y equipadas para 15\/20 alumnos por curso. <\/p>\n<p>Los cursos previstos son:<br \/>\nAUXILIAR MONTADOR ELECTRICISTA<br \/>\nAUXILIAR DE SEGURIDAD E HIGIENE Y MEDIO-AMBIENTE DE ESTABLECIMIENTO DE SALUD<br \/>\nINSTALACI\u00d3N DE RED DE GAS<br \/>\nCOLOCACI\u00d3N B\u00c1SICA DE VIDRIOS<br \/>\nMANTENIMIENTO DE EDIFICIOS<br \/>\nMONTADOR DE INSTALACIONES SANITARIAS DOMICILIARIAS<br \/>\nLas inscripciones y consultas de cupos y horarios se est\u00e1n recibiendo en la Delegaci\u00f3n Municipal o en el Aula que se encuentra estacionada en el centro de la localidad. <\/p>\n","protected":false},"excerpt":{"rendered":"<p>El pr\u00f3ximo lunes 16 de abril, dar\u00e1n comienzo los cursos planificados en el Aula Taller que lleg\u00f3 la semana pasada a Gobernador Castro, enviada dentro del Programa Federal de Red de Aulas Talleres M\u00f3viles. Como se inform\u00f3 en su oportunidad, el objetivo de esta permanencia en la localidad es acercar alternativas de formaci\u00f3n para adolescentes, [&hellip;]<\/p>\n","protected":false},"author":4,"featured_media":31138,"comment_status":"open","ping_status":"closed","sticky":false,"template":"","format":"standard","meta":{"om_disable_all_campaigns":false,"_jetpack_memberships_contains_paid_content":false,"footnotes":""},"categories":[101,2],"tags":[],"class_list":["post-31514","post","type-post","status-publish","format-standard","has-post-thumbnail","hentry","category-interes-general-locales","category-locales"],"aioseo_notices":[],"gutentor_comment":0,"jetpack_featured_media_url":"https:\/\/eldiariodesanpedro.com.ar\/sitio\/wp-content\/uploads\/2018\/04\/PAGINA-5.jpeg","jetpack_shortlink":"https:\/\/wp.me\/p6RhLt-8ci","jetpack_sharing_enabled":true,"_links":{"self":[{"href":"https:\/\/eldiariodesanpedro.com.ar\/sitio\/wp-json\/wp\/v2\/posts\/31514","targetHints":{"allow":["GET"]}}],"collection":[{"href":"https:\/\/eldiariodesanpedro.com.ar\/sitio\/wp-json\/wp\/v2\/posts"}],"about":[{"href":"https:\/\/eldiariodesanpedro.com.ar\/sitio\/wp-json\/wp\/v2\/types\/post"}],"author":[{"embeddable":true,"href":"https:\/\/eldiariodesanpedro.com.ar\/sitio\/wp-json\/wp\/v2\/users\/4"}],"replies":[{"embeddable":true,"href":"https:\/\/eldiariodesanpedro.com.ar\/sitio\/wp-json\/wp\/v2\/comments?post=31514"}],"version-history":[{"count":1,"href":"https:\/\/eldiariodesanpedro.com.ar\/sitio\/wp-json\/wp\/v2\/posts\/31514\/revisions"}],"predecessor-version":[{"id":31515,"href":"https:\/\/eldiariodesanpedro.com.ar\/sitio\/wp-json\/wp\/v2\/posts\/31514\/revisions\/31515"}],"wp:featuredmedia":[{"embeddable":true,"href":"https:\/\/eldiariodesanpedro.com.ar\/sitio\/wp-json\/wp\/v2\/media\/31138"}],"wp:attachment":[{"href":"https:\/\/eldiariodesanpedro.com.ar\/sitio\/wp-json\/wp\/v2\/media?parent=31514"}],"wp:term":[{"taxonomy":"category","embeddable":true,"href":"https:\/\/eldiariodesanpedro.com.ar\/sitio\/wp-json\/wp\/v2\/categories?post=31514"},{"taxonomy":"post_tag","embeddable":true,"href":"https:\/\/eldiariodesanpedro.com.ar\/sitio\/wp-json\/wp\/v2\/tags?post=31514"}],"curies":[{"name":"wp","href":"https:\/\/api.w.org\/{rel}","templated":true}]}}