{"id":31512,"date":"2018-04-12T09:53:58","date_gmt":"2018-04-12T12:53:58","guid":{"rendered":"https:\/\/eldiariodesanpedro.com.ar\/sitio\/?p=31512"},"modified":"2018-04-12T09:53:58","modified_gmt":"2018-04-12T12:53:58","slug":"el-centro-de-comercio-realizara-un-registro-de-comercios-y-empresas-cerradas","status":"publish","type":"post","link":"https:\/\/eldiariodesanpedro.com.ar\/sitio\/el-centro-de-comercio-realizara-un-registro-de-comercios-y-empresas-cerradas\/","title":{"rendered":"El Centro de Comercio realizar\u00e1 un registro de comercios y empresas cerradas"},"content":{"rendered":"<p><!-- VideographyWP Plugin Message: Automatic video embedding prevented by plugin options. --><br \/>\nEl Centro de Comercio Industria y Turismo de San Pedro en conjunto con las distintas c\u00e1maras y centros de comercio de la zona reunidos el 4 de abril en nuestra ciudad y con la finalidad de ampliar la informaci\u00f3n disponible y los datos estad\u00edsticos, para la realizaci\u00f3n de presentaciones ante distintos organismos del estado por la subas de tarifas de energ\u00eda solicita la colaboraci\u00f3n de los comerciantes para informar la existencia de locales comerciales o comercios que se hayan cerrado (o dejado de funcionar) desde el mes de octubre a la fecha.<\/p>\n<p>La informaci\u00f3n requerida servir\u00e1 para darle mas fuerza a los reclamos, solicitudes y planteos.<\/p>\n<p>La posibilidad de saber cu\u00e1les fueron los comercios que cerraron en el \u00faltimo trimestre del a\u00f1o hasta la actualidad y cuales fueron reabiertos es la informaci\u00f3n necesaria. <\/p>\n<p>Los datos requeridos solo ser\u00e1n utilizados para utilidades estad\u00edsticas, y ser\u00e1n de informaci\u00f3n confidencial.<\/p>\n","protected":false},"excerpt":{"rendered":"<p>El Centro de Comercio Industria y Turismo de San Pedro en conjunto con las distintas c\u00e1maras y centros de comercio de la zona reunidos el 4 de abril en nuestra ciudad y con la finalidad de ampliar la informaci\u00f3n disponible y los datos estad\u00edsticos, para la realizaci\u00f3n de presentaciones ante distintos organismos del estado por [&hellip;]<\/p>\n","protected":false},"author":4,"featured_media":3126,"comment_status":"open","ping_status":"closed","sticky":false,"template":"","format":"standard","meta":{"om_disable_all_campaigns":false,"_jetpack_memberships_contains_paid_content":false,"footnotes":""},"categories":[101,2],"tags":[],"class_list":["post-31512","post","type-post","status-publish","format-standard","has-post-thumbnail","hentry","category-interes-general-locales","category-locales"],"aioseo_notices":[],"gutentor_comment":0,"jetpack_featured_media_url":"https:\/\/eldiariodesanpedro.com.ar\/sitio\/wp-content\/uploads\/2016\/04\/Centro-de-Comercio-e-industria.jpg","jetpack_shortlink":"https:\/\/wp.me\/p6RhLt-8cg","jetpack_sharing_enabled":true,"_links":{"self":[{"href":"https:\/\/eldiariodesanpedro.com.ar\/sitio\/wp-json\/wp\/v2\/posts\/31512","targetHints":{"allow":["GET"]}}],"collection":[{"href":"https:\/\/eldiariodesanpedro.com.ar\/sitio\/wp-json\/wp\/v2\/posts"}],"about":[{"href":"https:\/\/eldiariodesanpedro.com.ar\/sitio\/wp-json\/wp\/v2\/types\/post"}],"author":[{"embeddable":true,"href":"https:\/\/eldiariodesanpedro.com.ar\/sitio\/wp-json\/wp\/v2\/users\/4"}],"replies":[{"embeddable":true,"href":"https:\/\/eldiariodesanpedro.com.ar\/sitio\/wp-json\/wp\/v2\/comments?post=31512"}],"version-history":[{"count":1,"href":"https:\/\/eldiariodesanpedro.com.ar\/sitio\/wp-json\/wp\/v2\/posts\/31512\/revisions"}],"predecessor-version":[{"id":31513,"href":"https:\/\/eldiariodesanpedro.com.ar\/sitio\/wp-json\/wp\/v2\/posts\/31512\/revisions\/31513"}],"wp:featuredmedia":[{"embeddable":true,"href":"https:\/\/eldiariodesanpedro.com.ar\/sitio\/wp-json\/wp\/v2\/media\/3126"}],"wp:attachment":[{"href":"https:\/\/eldiariodesanpedro.com.ar\/sitio\/wp-json\/wp\/v2\/media?parent=31512"}],"wp:term":[{"taxonomy":"category","embeddable":true,"href":"https:\/\/eldiariodesanpedro.com.ar\/sitio\/wp-json\/wp\/v2\/categories?post=31512"},{"taxonomy":"post_tag","embeddable":true,"href":"https:\/\/eldiariodesanpedro.com.ar\/sitio\/wp-json\/wp\/v2\/tags?post=31512"}],"curies":[{"name":"wp","href":"https:\/\/api.w.org\/{rel}","templated":true}]}}