{"id":31509,"date":"2018-04-12T09:45:32","date_gmt":"2018-04-12T12:45:32","guid":{"rendered":"https:\/\/eldiariodesanpedro.com.ar\/sitio\/?p=31509"},"modified":"2018-04-12T09:45:32","modified_gmt":"2018-04-12T12:45:32","slug":"jornada-sindical-sobre-riesgos-de-trabajo-en-el-sec","status":"publish","type":"post","link":"https:\/\/eldiariodesanpedro.com.ar\/sitio\/jornada-sindical-sobre-riesgos-de-trabajo-en-el-sec\/","title":{"rendered":"Jornada Sindical sobre Riesgos de Trabajo en el SEC"},"content":{"rendered":"<p><!-- VideographyWP Plugin Message: Automatic video embedding prevented by plugin options. --><br \/>\nContinuando con una constante pol\u00edtica de capacitaci\u00f3n y acercamiento a los trabajadores mercantiles, el Sindicato de Empleados de Comercio de San Pedro junto a la Federaci\u00f3n Argentina de Empleados de Comercio y Servicios a trav\u00e9s de su Secretar\u00eda de Higiene, Medicina y Seguridad en el Trabajo organiza el pr\u00f3ximo 24 de abril una jornada que incluye talleres y charlas sobre temas de inter\u00e9s.<\/p>\n<p>En el encuentro se presentar\u00e1 un panel sobre Ergonom\u00eda y Trastornos Musculoesquel\u00e9ticos para abordar factores de riesgo, prevenci\u00f3n y legislaci\u00f3n, a cargo del Licenciado Eduardo Chor\u00e9n. Posteriormente se dictar\u00e1 un taller sobre aseguradoras de riesgos de trabajo a cargo del Dr. Jorge Tobar con la intenci\u00f3n de aclarar todas las dudas e inquietudes de los concurrentes.<\/p>\n<p>Las actividades se extender\u00e1n desde las 9 a las 16.30 en el sal\u00f3n principal del SEC, Pellegrini 472 y la inscripci\u00f3n con capacidad limitada por el espacio est\u00e1 abierta en nuestras oficinas.<\/p>\n","protected":false},"excerpt":{"rendered":"<p>Continuando con una constante pol\u00edtica de capacitaci\u00f3n y acercamiento a los trabajadores mercantiles, el Sindicato de Empleados de Comercio de San Pedro junto a la Federaci\u00f3n Argentina de Empleados de Comercio y Servicios a trav\u00e9s de su Secretar\u00eda de Higiene, Medicina y Seguridad en el Trabajo organiza el pr\u00f3ximo 24 de abril una jornada que [&hellip;]<\/p>\n","protected":false},"author":4,"featured_media":31510,"comment_status":"open","ping_status":"closed","sticky":false,"template":"","format":"standard","meta":{"om_disable_all_campaigns":false,"_jetpack_memberships_contains_paid_content":false,"footnotes":""},"categories":[101,2],"tags":[],"class_list":["post-31509","post","type-post","status-publish","format-standard","has-post-thumbnail","hentry","category-interes-general-locales","category-locales"],"aioseo_notices":[],"gutentor_comment":0,"jetpack_featured_media_url":"https:\/\/eldiariodesanpedro.com.ar\/sitio\/wp-content\/uploads\/2018\/04\/unnamed-1.jpg","jetpack_shortlink":"https:\/\/wp.me\/p6RhLt-8cd","jetpack_sharing_enabled":true,"_links":{"self":[{"href":"https:\/\/eldiariodesanpedro.com.ar\/sitio\/wp-json\/wp\/v2\/posts\/31509","targetHints":{"allow":["GET"]}}],"collection":[{"href":"https:\/\/eldiariodesanpedro.com.ar\/sitio\/wp-json\/wp\/v2\/posts"}],"about":[{"href":"https:\/\/eldiariodesanpedro.com.ar\/sitio\/wp-json\/wp\/v2\/types\/post"}],"author":[{"embeddable":true,"href":"https:\/\/eldiariodesanpedro.com.ar\/sitio\/wp-json\/wp\/v2\/users\/4"}],"replies":[{"embeddable":true,"href":"https:\/\/eldiariodesanpedro.com.ar\/sitio\/wp-json\/wp\/v2\/comments?post=31509"}],"version-history":[{"count":1,"href":"https:\/\/eldiariodesanpedro.com.ar\/sitio\/wp-json\/wp\/v2\/posts\/31509\/revisions"}],"predecessor-version":[{"id":31511,"href":"https:\/\/eldiariodesanpedro.com.ar\/sitio\/wp-json\/wp\/v2\/posts\/31509\/revisions\/31511"}],"wp:featuredmedia":[{"embeddable":true,"href":"https:\/\/eldiariodesanpedro.com.ar\/sitio\/wp-json\/wp\/v2\/media\/31510"}],"wp:attachment":[{"href":"https:\/\/eldiariodesanpedro.com.ar\/sitio\/wp-json\/wp\/v2\/media?parent=31509"}],"wp:term":[{"taxonomy":"category","embeddable":true,"href":"https:\/\/eldiariodesanpedro.com.ar\/sitio\/wp-json\/wp\/v2\/categories?post=31509"},{"taxonomy":"post_tag","embeddable":true,"href":"https:\/\/eldiariodesanpedro.com.ar\/sitio\/wp-json\/wp\/v2\/tags?post=31509"}],"curies":[{"name":"wp","href":"https:\/\/api.w.org\/{rel}","templated":true}]}}