{"id":31502,"date":"2018-04-11T20:15:35","date_gmt":"2018-04-11T23:15:35","guid":{"rendered":"https:\/\/eldiariodesanpedro.com.ar\/sitio\/?p=31502"},"modified":"2026-01-24T00:16:31","modified_gmt":"2026-01-24T03:16:31","slug":"rugby-inicio-de-torneo-de-los-mayores-con-triunfo","status":"publish","type":"post","link":"https:\/\/eldiariodesanpedro.com.ar\/sitio\/rugby-inicio-de-torneo-de-los-mayores-con-triunfo\/","title":{"rendered":"RUGBY: Inicio de torneo de los mayores con triunfo"},"content":{"rendered":"<p><!-- VideographyWP Plugin Message: Automatic video embedding prevented by plugin options. --><br \/>\n  Tiro Federal gan\u00f3 en el debut del Torneo de segunda divisi\u00f3n de la Uni\u00f3n de Rugby de Buenos Aires (URBA). Fue ante Municipalidad de Vicente L\u00f3pez 27 a 10.<\/p>\n<p>  El pr\u00f3ximo fin de semana debutar\u00e1n como local en el certamen enfrentando a La Salle.<\/p>\n<p>  En M15 gan\u00f3 \u00abBigu\u00e1\u00bb 30 &#8211; 24 a Luj\u00e1n; M16 triunfo 40 &#8211; 17 a Las Ca\u00f1as y en M17 derrota 34-0 con San Isidro.  En la pr\u00f3xima ser\u00e1 ante Municipalidad de V. L\u00f3pez y Lan\u00fas. <\/p>\n<p><em><strong>Resultados y pr\u00f3xima fecha:<\/strong><\/em><br \/>\n<img decoding=\"async\" data-attachment-id=\"31503\" data-permalink=\"https:\/\/eldiariodesanpedro.com.ar\/sitio\/rugby-inicio-de-torneo-de-los-mayores-con-triunfo\/rugby-2\/\" data-orig-file=\"https:\/\/eldiariodesanpedro.com.ar\/sitio\/wp-content\/uploads\/2018\/04\/rugby.jpg\" data-orig-size=\"557,592\" data-comments-opened=\"1\" data-image-meta=\"{&quot;aperture&quot;:&quot;0&quot;,&quot;credit&quot;:&quot;Fernando Bettendorff&quot;,&quot;camera&quot;:&quot;&quot;,&quot;caption&quot;:&quot;&quot;,&quot;created_timestamp&quot;:&quot;1523473548&quot;,&quot;copyright&quot;:&quot;&quot;,&quot;focal_length&quot;:&quot;0&quot;,&quot;iso&quot;:&quot;0&quot;,&quot;shutter_speed&quot;:&quot;0&quot;,&quot;title&quot;:&quot;&quot;,&quot;orientation&quot;:&quot;0&quot;}\" data-image-title=\"rugby\" data-image-description=\"\" data-image-caption=\"\" data-large-file=\"https:\/\/eldiariodesanpedro.com.ar\/sitio\/wp-content\/uploads\/2018\/04\/rugby.jpg\" data-src=\"https:\/\/eldiariodesanpedro.com.ar\/sitio\/wp-content\/uploads\/2018\/04\/rugby.jpg\" alt=\"\" width=\"557\" height=\"592\" class=\"alignnone size-full wp-image-31503 lazyload\" data-srcset=\"https:\/\/eldiariodesanpedro.com.ar\/sitio\/wp-content\/uploads\/2018\/04\/rugby.jpg 557w, https:\/\/eldiariodesanpedro.com.ar\/sitio\/wp-content\/uploads\/2018\/04\/rugby-282x300.jpg 282w\" data-sizes=\"(max-width: 557px) 100vw, 557px\" src=\"data:image\/svg+xml;base64,PHN2ZyB3aWR0aD0iMSIgaGVpZ2h0PSIxIiB4bWxucz0iaHR0cDovL3d3dy53My5vcmcvMjAwMC9zdmciPjwvc3ZnPg==\" style=\"--smush-placeholder-width: 557px; --smush-placeholder-aspect-ratio: 557\/592;\" \/><\/p>\n","protected":false},"excerpt":{"rendered":"<p>Tiro Federal gan\u00f3 en el debut del Torneo de segunda divisi\u00f3n de la Uni\u00f3n de Rugby de Buenos Aires (URBA). Fue ante Municipalidad de Vicente L\u00f3pez 27 a 10. El pr\u00f3ximo fin de semana debutar\u00e1n como local en el certamen enfrentando a La Salle. En M15 gan\u00f3 \u00abBigu\u00e1\u00bb 30 &#8211; 24 a Luj\u00e1n; M16 triunfo [&hellip;]<\/p>\n","protected":false},"author":4,"featured_media":21896,"comment_status":"open","ping_status":"closed","sticky":false,"template":"","format":"standard","meta":{"om_disable_all_campaigns":false,"_jetpack_memberships_contains_paid_content":false,"footnotes":""},"categories":[5],"tags":[],"class_list":["post-31502","post","type-post","status-publish","format-standard","has-post-thumbnail","hentry","category-deportes"],"aioseo_notices":[],"gutentor_comment":0,"jetpack_featured_media_url":"https:\/\/eldiariodesanpedro.com.ar\/sitio\/wp-content\/uploads\/2017\/08\/cancha-rugby.jpg","jetpack_shortlink":"https:\/\/wp.me\/p6RhLt-8c6","jetpack_sharing_enabled":true,"_links":{"self":[{"href":"https:\/\/eldiariodesanpedro.com.ar\/sitio\/wp-json\/wp\/v2\/posts\/31502","targetHints":{"allow":["GET"]}}],"collection":[{"href":"https:\/\/eldiariodesanpedro.com.ar\/sitio\/wp-json\/wp\/v2\/posts"}],"about":[{"href":"https:\/\/eldiariodesanpedro.com.ar\/sitio\/wp-json\/wp\/v2\/types\/post"}],"author":[{"embeddable":true,"href":"https:\/\/eldiariodesanpedro.com.ar\/sitio\/wp-json\/wp\/v2\/users\/4"}],"replies":[{"embeddable":true,"href":"https:\/\/eldiariodesanpedro.com.ar\/sitio\/wp-json\/wp\/v2\/comments?post=31502"}],"version-history":[{"count":1,"href":"https:\/\/eldiariodesanpedro.com.ar\/sitio\/wp-json\/wp\/v2\/posts\/31502\/revisions"}],"predecessor-version":[{"id":31504,"href":"https:\/\/eldiariodesanpedro.com.ar\/sitio\/wp-json\/wp\/v2\/posts\/31502\/revisions\/31504"}],"wp:featuredmedia":[{"embeddable":true,"href":"https:\/\/eldiariodesanpedro.com.ar\/sitio\/wp-json\/wp\/v2\/media\/21896"}],"wp:attachment":[{"href":"https:\/\/eldiariodesanpedro.com.ar\/sitio\/wp-json\/wp\/v2\/media?parent=31502"}],"wp:term":[{"taxonomy":"category","embeddable":true,"href":"https:\/\/eldiariodesanpedro.com.ar\/sitio\/wp-json\/wp\/v2\/categories?post=31502"},{"taxonomy":"post_tag","embeddable":true,"href":"https:\/\/eldiariodesanpedro.com.ar\/sitio\/wp-json\/wp\/v2\/tags?post=31502"}],"curies":[{"name":"wp","href":"https:\/\/api.w.org\/{rel}","templated":true}]}}