{"id":31495,"date":"2018-04-11T20:04:06","date_gmt":"2018-04-11T23:04:06","guid":{"rendered":"https:\/\/eldiariodesanpedro.com.ar\/sitio\/?p=31495"},"modified":"2026-01-24T00:16:32","modified_gmt":"2026-01-24T03:16:32","slug":"automovilismo-no-fue-un-finde-perfecto-para-junior-solmi","status":"publish","type":"post","link":"https:\/\/eldiariodesanpedro.com.ar\/sitio\/automovilismo-no-fue-un-finde-perfecto-para-junior-solmi\/","title":{"rendered":"AUTOMOVILISMO: No fue un finde perfecto para Junior Solmi"},"content":{"rendered":"<p><!-- VideographyWP Plugin Message: Automatic video embedding prevented by plugin options. --><br \/>\n  En el aut\u00f3dromo Roberto Mouras de La Plata, el sampedrino Junior Solmi tuvo que abandonar en el cuarto giro por un problema en el motor.  La carrera fue ganada por Mauricio Chiaverano (Chevrolet), seguido de Nicol\u00e1s Blanco (Ford) y Sebasti\u00e1n Salce (Ford).<\/p>\n<p>  Solmi clasific\u00f3 d\u00e9cimo y fue s\u00e9ptimo en la primera serie, pero no logr\u00f3, por segunda vez consecutiva, poder completar los 16 giros de competencia. <\/p>\n<p>  La lluvia. El factor clim\u00e1tico que genera complejidad a la hora de disputar una competencia. Quiz\u00e1 algunos pilotos se sientan m\u00e1s c\u00f3modos que otros. De todas formas, un hecho inesperado surgi\u00f3 en la vuelta previa a la largada: comenz\u00f3 a llover intensamente, lo que provoc\u00f3 que la gran mayor\u00eda de los autos ingresen a boxes a colocar los neum\u00e1ticos de lluvia. A partir de ese momento todo cambi\u00f3.<\/p>\n<p>  Diego Mart\u00ednez, representante del JP Carrera, se mantuvo en pista y larg\u00f3 en el primer puesto. Sin embargo, Nicol\u00e1s Blanco, que tambi\u00e9n se qued\u00f3 en pista, se ubicaba segundo hasta la sexta vuelta, giro en el que sobrepas\u00f3 a Mart\u00ednez. Pero la lluvia empez\u00f3 a parar. Y all\u00ed fue cuando aprovech\u00f3 Mauricio Chiaverano.<\/p>\n<p>  Otro piloto de San Pedro no pudo estar presente, fue \u00abMorro\u00bb Iglesias en el TC Mouras. La pr\u00f3xima ser\u00e1 el 29 de abril en el mismo circuito y estar\u00e1n presentes las dos categor\u00edas.<\/p>\n<p><em><strong>Clasificaci\u00f3n final:<\/strong><\/em><br \/>\n<img decoding=\"async\" data-attachment-id=\"31496\" data-permalink=\"https:\/\/eldiariodesanpedro.com.ar\/sitio\/automovilismo-no-fue-un-finde-perfecto-para-junior-solmi\/clasifica\/\" data-orig-file=\"https:\/\/eldiariodesanpedro.com.ar\/sitio\/wp-content\/uploads\/2018\/04\/clasifica.jpg\" data-orig-size=\"761,405\" data-comments-opened=\"1\" data-image-meta=\"{&quot;aperture&quot;:&quot;0&quot;,&quot;credit&quot;:&quot;Fernando Bettendorff&quot;,&quot;camera&quot;:&quot;&quot;,&quot;caption&quot;:&quot;&quot;,&quot;created_timestamp&quot;:&quot;1523473528&quot;,&quot;copyright&quot;:&quot;&quot;,&quot;focal_length&quot;:&quot;0&quot;,&quot;iso&quot;:&quot;0&quot;,&quot;shutter_speed&quot;:&quot;0&quot;,&quot;title&quot;:&quot;&quot;,&quot;orientation&quot;:&quot;0&quot;}\" data-image-title=\"clasifica\" data-image-description=\"\" data-image-caption=\"\" data-large-file=\"https:\/\/eldiariodesanpedro.com.ar\/sitio\/wp-content\/uploads\/2018\/04\/clasifica.jpg\" data-src=\"https:\/\/eldiariodesanpedro.com.ar\/sitio\/wp-content\/uploads\/2018\/04\/clasifica.jpg\" alt=\"\" width=\"761\" height=\"405\" class=\"alignnone size-full wp-image-31496 lazyload\" data-srcset=\"https:\/\/eldiariodesanpedro.com.ar\/sitio\/wp-content\/uploads\/2018\/04\/clasifica.jpg 761w, https:\/\/eldiariodesanpedro.com.ar\/sitio\/wp-content\/uploads\/2018\/04\/clasifica-300x160.jpg 300w\" data-sizes=\"(max-width: 761px) 100vw, 761px\" src=\"data:image\/svg+xml;base64,PHN2ZyB3aWR0aD0iMSIgaGVpZ2h0PSIxIiB4bWxucz0iaHR0cDovL3d3dy53My5vcmcvMjAwMC9zdmciPjwvc3ZnPg==\" style=\"--smush-placeholder-width: 761px; --smush-placeholder-aspect-ratio: 761\/405;\" \/><\/p>\n","protected":false},"excerpt":{"rendered":"<p>En el aut\u00f3dromo Roberto Mouras de La Plata, el sampedrino Junior Solmi tuvo que abandonar en el cuarto giro por un problema en el motor. La carrera fue ganada por Mauricio Chiaverano (Chevrolet), seguido de Nicol\u00e1s Blanco (Ford) y Sebasti\u00e1n Salce (Ford). Solmi clasific\u00f3 d\u00e9cimo y fue s\u00e9ptimo en la primera serie, pero no logr\u00f3, [&hellip;]<\/p>\n","protected":false},"author":4,"featured_media":31497,"comment_status":"open","ping_status":"closed","sticky":false,"template":"","format":"standard","meta":{"om_disable_all_campaigns":false,"_jetpack_memberships_contains_paid_content":false,"footnotes":""},"categories":[5],"tags":[],"class_list":["post-31495","post","type-post","status-publish","format-standard","has-post-thumbnail","hentry","category-deportes"],"aioseo_notices":[],"gutentor_comment":0,"jetpack_featured_media_url":"https:\/\/eldiariodesanpedro.com.ar\/sitio\/wp-content\/uploads\/2018\/04\/Junior-Solmi-en-la-previa.jpg","jetpack_shortlink":"https:\/\/wp.me\/p6RhLt-8bZ","jetpack_sharing_enabled":true,"_links":{"self":[{"href":"https:\/\/eldiariodesanpedro.com.ar\/sitio\/wp-json\/wp\/v2\/posts\/31495","targetHints":{"allow":["GET"]}}],"collection":[{"href":"https:\/\/eldiariodesanpedro.com.ar\/sitio\/wp-json\/wp\/v2\/posts"}],"about":[{"href":"https:\/\/eldiariodesanpedro.com.ar\/sitio\/wp-json\/wp\/v2\/types\/post"}],"author":[{"embeddable":true,"href":"https:\/\/eldiariodesanpedro.com.ar\/sitio\/wp-json\/wp\/v2\/users\/4"}],"replies":[{"embeddable":true,"href":"https:\/\/eldiariodesanpedro.com.ar\/sitio\/wp-json\/wp\/v2\/comments?post=31495"}],"version-history":[{"count":1,"href":"https:\/\/eldiariodesanpedro.com.ar\/sitio\/wp-json\/wp\/v2\/posts\/31495\/revisions"}],"predecessor-version":[{"id":31498,"href":"https:\/\/eldiariodesanpedro.com.ar\/sitio\/wp-json\/wp\/v2\/posts\/31495\/revisions\/31498"}],"wp:featuredmedia":[{"embeddable":true,"href":"https:\/\/eldiariodesanpedro.com.ar\/sitio\/wp-json\/wp\/v2\/media\/31497"}],"wp:attachment":[{"href":"https:\/\/eldiariodesanpedro.com.ar\/sitio\/wp-json\/wp\/v2\/media?parent=31495"}],"wp:term":[{"taxonomy":"category","embeddable":true,"href":"https:\/\/eldiariodesanpedro.com.ar\/sitio\/wp-json\/wp\/v2\/categories?post=31495"},{"taxonomy":"post_tag","embeddable":true,"href":"https:\/\/eldiariodesanpedro.com.ar\/sitio\/wp-json\/wp\/v2\/tags?post=31495"}],"curies":[{"name":"wp","href":"https:\/\/api.w.org\/{rel}","templated":true}]}}