{"id":31491,"date":"2018-04-11T19:15:45","date_gmt":"2018-04-11T22:15:45","guid":{"rendered":"https:\/\/eldiariodesanpedro.com.ar\/sitio\/?p=31491"},"modified":"2018-04-11T19:15:45","modified_gmt":"2018-04-11T22:15:45","slug":"asumieron-las-nuevas-autoridades-del-consejo-directivo-en-bomberos","status":"publish","type":"post","link":"https:\/\/eldiariodesanpedro.com.ar\/sitio\/asumieron-las-nuevas-autoridades-del-consejo-directivo-en-bomberos\/","title":{"rendered":"Asumieron las nuevas autoridades del Consejo Directivo en Bomberos"},"content":{"rendered":"<p><!-- VideographyWP Plugin Message: Automatic video embedding prevented by plugin options. --><br \/>\nEn la reuni\u00f3n celebrada el pasado lunes se oficializ\u00f3 la renovaci\u00f3n de los integrantes del Consejo Directivo de la Asociaci\u00f3n de Bomberos Voluntarios.<br \/>\nLa Instituci\u00f3n, luego del desarrollo de la Asamblea anual realizada d\u00edas pasados, decidi\u00f3 cambiar en parte la Comisi\u00f3n Directiva que tiene el manejo del funcionamiento ec\u00f3nomico y administrativo de la misma.<\/p>\n<p>Presidente: Mauro Rasio<br \/>\nVicepresidente: Marcelo Duarte<br \/>\nSecretario General: Julio Ghirardi<br \/>\nSecretaria de actas: Mar\u00eda Vachino<br \/>\nSecretaria de finanzas: Stella Soler<br \/>\nSecretario de recaudaci\u00f3n: Daniel Vicens<br \/>\nConsejeros titulares<br \/>\nJorge Noguera<br \/>\nM\u00f3nica Epelde<br \/>\nConsejeros suplentes<br \/>\nGuillermo L\u00f3pez<br \/>\nVicente Colazo<br \/>\nEduardo Dlapa<br \/>\nRevisores de Cuentas titulares<br \/>\nLorena Maes<br \/>\nMarta Costa<br \/>\nFabio Giovanettoni<br \/>\nRevisores de Cuentas suplentes<br \/>\nServando D\u00edaz<br \/>\nFernando Bennazar<\/p>\n","protected":false},"excerpt":{"rendered":"<p>En la reuni\u00f3n celebrada el pasado lunes se oficializ\u00f3 la renovaci\u00f3n de los integrantes del Consejo Directivo de la Asociaci\u00f3n de Bomberos Voluntarios. La Instituci\u00f3n, luego del desarrollo de la Asamblea anual realizada d\u00edas pasados, decidi\u00f3 cambiar en parte la Comisi\u00f3n Directiva que tiene el manejo del funcionamiento ec\u00f3nomico y administrativo de la misma. Presidente: [&hellip;]<\/p>\n","protected":false},"author":4,"featured_media":31492,"comment_status":"open","ping_status":"closed","sticky":false,"template":"","format":"standard","meta":{"om_disable_all_campaigns":false,"_jetpack_memberships_contains_paid_content":false,"footnotes":""},"categories":[101,2],"tags":[],"class_list":["post-31491","post","type-post","status-publish","format-standard","has-post-thumbnail","hentry","category-interes-general-locales","category-locales"],"aioseo_notices":[],"gutentor_comment":0,"jetpack_featured_media_url":"https:\/\/eldiariodesanpedro.com.ar\/sitio\/wp-content\/uploads\/2018\/04\/PAGINA-5.jpg","jetpack_shortlink":"https:\/\/wp.me\/p6RhLt-8bV","jetpack_sharing_enabled":true,"_links":{"self":[{"href":"https:\/\/eldiariodesanpedro.com.ar\/sitio\/wp-json\/wp\/v2\/posts\/31491","targetHints":{"allow":["GET"]}}],"collection":[{"href":"https:\/\/eldiariodesanpedro.com.ar\/sitio\/wp-json\/wp\/v2\/posts"}],"about":[{"href":"https:\/\/eldiariodesanpedro.com.ar\/sitio\/wp-json\/wp\/v2\/types\/post"}],"author":[{"embeddable":true,"href":"https:\/\/eldiariodesanpedro.com.ar\/sitio\/wp-json\/wp\/v2\/users\/4"}],"replies":[{"embeddable":true,"href":"https:\/\/eldiariodesanpedro.com.ar\/sitio\/wp-json\/wp\/v2\/comments?post=31491"}],"version-history":[{"count":1,"href":"https:\/\/eldiariodesanpedro.com.ar\/sitio\/wp-json\/wp\/v2\/posts\/31491\/revisions"}],"predecessor-version":[{"id":31493,"href":"https:\/\/eldiariodesanpedro.com.ar\/sitio\/wp-json\/wp\/v2\/posts\/31491\/revisions\/31493"}],"wp:featuredmedia":[{"embeddable":true,"href":"https:\/\/eldiariodesanpedro.com.ar\/sitio\/wp-json\/wp\/v2\/media\/31492"}],"wp:attachment":[{"href":"https:\/\/eldiariodesanpedro.com.ar\/sitio\/wp-json\/wp\/v2\/media?parent=31491"}],"wp:term":[{"taxonomy":"category","embeddable":true,"href":"https:\/\/eldiariodesanpedro.com.ar\/sitio\/wp-json\/wp\/v2\/categories?post=31491"},{"taxonomy":"post_tag","embeddable":true,"href":"https:\/\/eldiariodesanpedro.com.ar\/sitio\/wp-json\/wp\/v2\/tags?post=31491"}],"curies":[{"name":"wp","href":"https:\/\/api.w.org\/{rel}","templated":true}]}}