{"id":31488,"date":"2018-04-11T19:08:23","date_gmt":"2018-04-11T22:08:23","guid":{"rendered":"https:\/\/eldiariodesanpedro.com.ar\/sitio\/?p=31488"},"modified":"2018-04-11T19:08:23","modified_gmt":"2018-04-11T22:08:23","slug":"un-nuevo-buque-arriba-al-puerto-san-pedro-2","status":"publish","type":"post","link":"https:\/\/eldiariodesanpedro.com.ar\/sitio\/un-nuevo-buque-arriba-al-puerto-san-pedro-2\/","title":{"rendered":"Un nuevo buque arriba al Puerto San Pedro"},"content":{"rendered":"<p><!-- VideographyWP Plugin Message: Automatic video embedding prevented by plugin options. --><br \/>\nDesde el Consorcio de Gesti\u00f3n del Puerto San Pedro se comunico el arribo de un un buque denominado \u201cNordtajo\u201d, de bandera maltesa, ingresa en las esta noche al puerto local. <\/p>\n<p>El barco, de 180 metros de eslora, procede de R\u00edo Grande do Sul, Brasil y operar\u00e1 en el muelle elevador, en donde cargar\u00e1 32 mil toneladas de poroto de soja con destino a Rusia.<\/p>\n","protected":false},"excerpt":{"rendered":"<p>Desde el Consorcio de Gesti\u00f3n del Puerto San Pedro se comunico el arribo de un un buque denominado \u201cNordtajo\u201d, de bandera maltesa, ingresa en las esta noche al puerto local. El barco, de 180 metros de eslora, procede de R\u00edo Grande do Sul, Brasil y operar\u00e1 en el muelle elevador, en donde cargar\u00e1 32 mil [&hellip;]<\/p>\n","protected":false},"author":4,"featured_media":31489,"comment_status":"open","ping_status":"closed","sticky":false,"template":"","format":"standard","meta":{"om_disable_all_campaigns":false,"_jetpack_memberships_contains_paid_content":false,"footnotes":""},"categories":[101,2],"tags":[],"class_list":["post-31488","post","type-post","status-publish","format-standard","has-post-thumbnail","hentry","category-interes-general-locales","category-locales"],"aioseo_notices":[],"gutentor_comment":0,"jetpack_featured_media_url":"https:\/\/eldiariodesanpedro.com.ar\/sitio\/wp-content\/uploads\/2018\/04\/nordtajo.jpg","jetpack_shortlink":"https:\/\/wp.me\/p6RhLt-8bS","jetpack_sharing_enabled":true,"_links":{"self":[{"href":"https:\/\/eldiariodesanpedro.com.ar\/sitio\/wp-json\/wp\/v2\/posts\/31488","targetHints":{"allow":["GET"]}}],"collection":[{"href":"https:\/\/eldiariodesanpedro.com.ar\/sitio\/wp-json\/wp\/v2\/posts"}],"about":[{"href":"https:\/\/eldiariodesanpedro.com.ar\/sitio\/wp-json\/wp\/v2\/types\/post"}],"author":[{"embeddable":true,"href":"https:\/\/eldiariodesanpedro.com.ar\/sitio\/wp-json\/wp\/v2\/users\/4"}],"replies":[{"embeddable":true,"href":"https:\/\/eldiariodesanpedro.com.ar\/sitio\/wp-json\/wp\/v2\/comments?post=31488"}],"version-history":[{"count":1,"href":"https:\/\/eldiariodesanpedro.com.ar\/sitio\/wp-json\/wp\/v2\/posts\/31488\/revisions"}],"predecessor-version":[{"id":31490,"href":"https:\/\/eldiariodesanpedro.com.ar\/sitio\/wp-json\/wp\/v2\/posts\/31488\/revisions\/31490"}],"wp:featuredmedia":[{"embeddable":true,"href":"https:\/\/eldiariodesanpedro.com.ar\/sitio\/wp-json\/wp\/v2\/media\/31489"}],"wp:attachment":[{"href":"https:\/\/eldiariodesanpedro.com.ar\/sitio\/wp-json\/wp\/v2\/media?parent=31488"}],"wp:term":[{"taxonomy":"category","embeddable":true,"href":"https:\/\/eldiariodesanpedro.com.ar\/sitio\/wp-json\/wp\/v2\/categories?post=31488"},{"taxonomy":"post_tag","embeddable":true,"href":"https:\/\/eldiariodesanpedro.com.ar\/sitio\/wp-json\/wp\/v2\/tags?post=31488"}],"curies":[{"name":"wp","href":"https:\/\/api.w.org\/{rel}","templated":true}]}}