{"id":31472,"date":"2018-04-11T18:34:18","date_gmt":"2018-04-11T21:34:18","guid":{"rendered":"https:\/\/eldiariodesanpedro.com.ar\/sitio\/?p=31472"},"modified":"2018-04-11T18:34:18","modified_gmt":"2018-04-11T21:34:18","slug":"fernando-nouet-nuevo-secretario-general-del-partido-socialista-de-la-pcia-de-buenos-aires","status":"publish","type":"post","link":"https:\/\/eldiariodesanpedro.com.ar\/sitio\/fernando-nouet-nuevo-secretario-general-del-partido-socialista-de-la-pcia-de-buenos-aires\/","title":{"rendered":"Fernando Nouet nuevo Secretario General del Partido Socialista de la Pcia. de Buenos Aires"},"content":{"rendered":"<p><!-- VideographyWP Plugin Message: Automatic video embedding prevented by plugin options. --><br \/>\nEl Dr. Fernando Nouet fue designado como flamante Secretario General del Partido Socialista de la provincia de Buenos Aires. <\/p>\n<p>Desde el partido local se emiti\u00f3 un comunicado donde dice \u00abGracias a su trayectoria, capacidad y labor intachable; fue elegido para integrar una lista de unidad, resultando como m\u00e1xima autoridad de la Mesa Directiva del Partido, donde entre otras importantes funciones tendr\u00e1 a cargo: definir la l\u00ednea pol\u00edtica; dirigir las campa\u00f1as electorales; organizar departamentos, comisiones y secretarias; ademas de administrar patrimonial, financiera y contablemente al centro\u00bb.<\/p>\n<p>\u00abHist\u00f3rica designaci\u00f3n que ubica a un sampedrino en un lugar estrat\u00e9gico a la hora de definir el futuro mapa electoral\u00bb.<\/p>\n","protected":false},"excerpt":{"rendered":"<p>El Dr. Fernando Nouet fue designado como flamante Secretario General del Partido Socialista de la provincia de Buenos Aires. Desde el partido local se emiti\u00f3 un comunicado donde dice \u00abGracias a su trayectoria, capacidad y labor intachable; fue elegido para integrar una lista de unidad, resultando como m\u00e1xima autoridad de la Mesa Directiva del Partido, [&hellip;]<\/p>\n","protected":false},"author":4,"featured_media":7808,"comment_status":"open","ping_status":"closed","sticky":false,"template":"","format":"standard","meta":{"om_disable_all_campaigns":false,"_jetpack_memberships_contains_paid_content":false,"footnotes":""},"categories":[2,102],"tags":[],"class_list":["post-31472","post","type-post","status-publish","format-standard","has-post-thumbnail","hentry","category-locales","category-politica-locales"],"aioseo_notices":[],"gutentor_comment":0,"jetpack_featured_media_url":"https:\/\/eldiariodesanpedro.com.ar\/sitio\/wp-content\/uploads\/2016\/09\/fernando_nouet.jpg","jetpack_shortlink":"https:\/\/wp.me\/p6RhLt-8bC","jetpack_sharing_enabled":true,"_links":{"self":[{"href":"https:\/\/eldiariodesanpedro.com.ar\/sitio\/wp-json\/wp\/v2\/posts\/31472","targetHints":{"allow":["GET"]}}],"collection":[{"href":"https:\/\/eldiariodesanpedro.com.ar\/sitio\/wp-json\/wp\/v2\/posts"}],"about":[{"href":"https:\/\/eldiariodesanpedro.com.ar\/sitio\/wp-json\/wp\/v2\/types\/post"}],"author":[{"embeddable":true,"href":"https:\/\/eldiariodesanpedro.com.ar\/sitio\/wp-json\/wp\/v2\/users\/4"}],"replies":[{"embeddable":true,"href":"https:\/\/eldiariodesanpedro.com.ar\/sitio\/wp-json\/wp\/v2\/comments?post=31472"}],"version-history":[{"count":1,"href":"https:\/\/eldiariodesanpedro.com.ar\/sitio\/wp-json\/wp\/v2\/posts\/31472\/revisions"}],"predecessor-version":[{"id":31473,"href":"https:\/\/eldiariodesanpedro.com.ar\/sitio\/wp-json\/wp\/v2\/posts\/31472\/revisions\/31473"}],"wp:featuredmedia":[{"embeddable":true,"href":"https:\/\/eldiariodesanpedro.com.ar\/sitio\/wp-json\/wp\/v2\/media\/7808"}],"wp:attachment":[{"href":"https:\/\/eldiariodesanpedro.com.ar\/sitio\/wp-json\/wp\/v2\/media?parent=31472"}],"wp:term":[{"taxonomy":"category","embeddable":true,"href":"https:\/\/eldiariodesanpedro.com.ar\/sitio\/wp-json\/wp\/v2\/categories?post=31472"},{"taxonomy":"post_tag","embeddable":true,"href":"https:\/\/eldiariodesanpedro.com.ar\/sitio\/wp-json\/wp\/v2\/tags?post=31472"}],"curies":[{"name":"wp","href":"https:\/\/api.w.org\/{rel}","templated":true}]}}