{"id":31464,"date":"2018-04-11T18:11:43","date_gmt":"2018-04-11T21:11:43","guid":{"rendered":"https:\/\/eldiariodesanpedro.com.ar\/sitio\/?p=31464"},"modified":"2018-04-11T18:11:43","modified_gmt":"2018-04-11T21:11:43","slug":"inauguracion-de-playon-deportivo-en-vuelta-de-obligado","status":"publish","type":"post","link":"https:\/\/eldiariodesanpedro.com.ar\/sitio\/inauguracion-de-playon-deportivo-en-vuelta-de-obligado\/","title":{"rendered":"Inauguraci\u00f3n de Play\u00f3n Deportivo en Vuelta de Obligado"},"content":{"rendered":"<p><!-- VideographyWP Plugin Message: Automatic video embedding prevented by plugin options. --><br \/>\nLa Municipalidad de San Pedro inauguro de la primera etapa del nuevo play\u00f3n deportivo que ha sido construido en la plaza principal de Vuelta de Obligado.<\/p>\n<p>Esta tarde a las 15, se celebro con los vecinos de la localidad la finalizaci\u00f3n de la obra en la que sumando esfuerzos con la empresa ARCOR con la que inici\u00f3 el proyecto, se ha podido concretar la creaci\u00f3n de un espacio de recreaci\u00f3n y deportes que podr\u00e1n disfrutar en la Plaza Santiago Moreira, el espacio verde que re\u00fane a todas las familias.  <\/p>\n<p>La Municipalidad en forma conjunta con el Consejo Escolar gestion\u00f3 los fondos necesarios para la culminaci\u00f3n y obtuvo un presupuesto de 330 mil  pesos para tal fin.<\/p>\n<p>El acto fue encabezado por el Secretario de Gobierno Silvio Corti acompa\u00f1ado de funcionarios y colaboradores.<\/p>\n<div data-carousel-extra='{&quot;blog_id&quot;:1,&quot;permalink&quot;:&quot;https:\/\/eldiariodesanpedro.com.ar\/sitio\/inauguracion-de-playon-deportivo-en-vuelta-de-obligado\/&quot;}' id='gallery-1' class='gallery galleryid-31464 gallery-columns-3 gallery-size-full'><figure class='gallery-item'>\n\t\t\t<div class='gallery-icon landscape'>\n\t\t\t\t<a href='https:\/\/eldiariodesanpedro.com.ar\/sitio\/wp-content\/uploads\/2018\/04\/WhatsApp-Image-2018-04-11-at-15.30.23.jpeg'><img decoding=\"async\" width=\"1040\" height=\"585\" data-src=\"https:\/\/eldiariodesanpedro.com.ar\/sitio\/wp-content\/uploads\/2018\/04\/WhatsApp-Image-2018-04-11-at-15.30.23.jpeg\" class=\"attachment-full size-full lazyload\" alt=\"El Diario de San Pedro | Noticias locales y regionales\" data-srcset=\"https:\/\/eldiariodesanpedro.com.ar\/sitio\/wp-content\/uploads\/2018\/04\/WhatsApp-Image-2018-04-11-at-15.30.23.jpeg 1040w, https:\/\/eldiariodesanpedro.com.ar\/sitio\/wp-content\/uploads\/2018\/04\/WhatsApp-Image-2018-04-11-at-15.30.23-300x169.jpeg 300w, https:\/\/eldiariodesanpedro.com.ar\/sitio\/wp-content\/uploads\/2018\/04\/WhatsApp-Image-2018-04-11-at-15.30.23-768x432.jpeg 768w, https:\/\/eldiariodesanpedro.com.ar\/sitio\/wp-content\/uploads\/2018\/04\/WhatsApp-Image-2018-04-11-at-15.30.23-1024x576.jpeg 1024w\" data-sizes=\"(max-width: 1040px) 100vw, 1040px\" data-attachment-id=\"31468\" data-permalink=\"https:\/\/eldiariodesanpedro.com.ar\/sitio\/inauguracion-de-playon-deportivo-en-vuelta-de-obligado\/whatsapp-image-2018-04-11-at-15-30-23\/\" data-orig-file=\"https:\/\/eldiariodesanpedro.com.ar\/sitio\/wp-content\/uploads\/2018\/04\/WhatsApp-Image-2018-04-11-at-15.30.23.jpeg\" data-orig-size=\"1040,585\" data-comments-opened=\"1\" data-image-meta=\"{&quot;aperture&quot;:&quot;0&quot;,&quot;credit&quot;:&quot;&quot;,&quot;camera&quot;:&quot;&quot;,&quot;caption&quot;:&quot;&quot;,&quot;created_timestamp&quot;:&quot;0&quot;,&quot;copyright&quot;:&quot;&quot;,&quot;focal_length&quot;:&quot;0&quot;,&quot;iso&quot;:&quot;0&quot;,&quot;shutter_speed&quot;:&quot;0&quot;,&quot;title&quot;:&quot;&quot;,&quot;orientation&quot;:&quot;0&quot;}\" data-image-title=\"WhatsApp Image 2018-04-11 at 15.30.23\" data-image-description=\"\" data-image-caption=\"\" data-large-file=\"https:\/\/eldiariodesanpedro.com.ar\/sitio\/wp-content\/uploads\/2018\/04\/WhatsApp-Image-2018-04-11-at-15.30.23-1024x576.jpeg\" src=\"data:image\/svg+xml;base64,PHN2ZyB3aWR0aD0iMSIgaGVpZ2h0PSIxIiB4bWxucz0iaHR0cDovL3d3dy53My5vcmcvMjAwMC9zdmciPjwvc3ZnPg==\" style=\"--smush-placeholder-width: 1040px; --smush-placeholder-aspect-ratio: 1040\/585;\" \/><\/a>\n\t\t\t<\/div><\/figure><figure class='gallery-item'>\n\t\t\t<div class='gallery-icon landscape'>\n\t\t\t\t<a href='https:\/\/eldiariodesanpedro.com.ar\/sitio\/wp-content\/uploads\/2018\/04\/TAPA-1.jpeg'><img decoding=\"async\" width=\"1040\" height=\"585\" data-src=\"https:\/\/eldiariodesanpedro.com.ar\/sitio\/wp-content\/uploads\/2018\/04\/TAPA-1.jpeg\" class=\"attachment-full size-full lazyload\" alt=\"El Diario de San Pedro | Noticias locales y regionales\" data-srcset=\"https:\/\/eldiariodesanpedro.com.ar\/sitio\/wp-content\/uploads\/2018\/04\/TAPA-1.jpeg 1040w, https:\/\/eldiariodesanpedro.com.ar\/sitio\/wp-content\/uploads\/2018\/04\/TAPA-1-300x169.jpeg 300w, https:\/\/eldiariodesanpedro.com.ar\/sitio\/wp-content\/uploads\/2018\/04\/TAPA-1-768x432.jpeg 768w, https:\/\/eldiariodesanpedro.com.ar\/sitio\/wp-content\/uploads\/2018\/04\/TAPA-1-1024x576.jpeg 1024w\" data-sizes=\"(max-width: 1040px) 100vw, 1040px\" data-attachment-id=\"31467\" data-permalink=\"https:\/\/eldiariodesanpedro.com.ar\/sitio\/inauguracion-de-playon-deportivo-en-vuelta-de-obligado\/tapa-18\/\" data-orig-file=\"https:\/\/eldiariodesanpedro.com.ar\/sitio\/wp-content\/uploads\/2018\/04\/TAPA-1.jpeg\" data-orig-size=\"1040,585\" data-comments-opened=\"1\" data-image-meta=\"{&quot;aperture&quot;:&quot;0&quot;,&quot;credit&quot;:&quot;&quot;,&quot;camera&quot;:&quot;&quot;,&quot;caption&quot;:&quot;&quot;,&quot;created_timestamp&quot;:&quot;0&quot;,&quot;copyright&quot;:&quot;&quot;,&quot;focal_length&quot;:&quot;0&quot;,&quot;iso&quot;:&quot;0&quot;,&quot;shutter_speed&quot;:&quot;0&quot;,&quot;title&quot;:&quot;&quot;,&quot;orientation&quot;:&quot;0&quot;}\" data-image-title=\"TAPA\" data-image-description=\"\" data-image-caption=\"\" data-large-file=\"https:\/\/eldiariodesanpedro.com.ar\/sitio\/wp-content\/uploads\/2018\/04\/TAPA-1-1024x576.jpeg\" src=\"data:image\/svg+xml;base64,PHN2ZyB3aWR0aD0iMSIgaGVpZ2h0PSIxIiB4bWxucz0iaHR0cDovL3d3dy53My5vcmcvMjAwMC9zdmciPjwvc3ZnPg==\" style=\"--smush-placeholder-width: 1040px; --smush-placeholder-aspect-ratio: 1040\/585;\" \/><\/a>\n\t\t\t<\/div><\/figure><figure class='gallery-item'>\n\t\t\t<div class='gallery-icon landscape'>\n\t\t\t\t<a href='https:\/\/eldiariodesanpedro.com.ar\/sitio\/wp-content\/uploads\/2018\/04\/PAGINA-5-1.jpeg'><img decoding=\"async\" width=\"1040\" height=\"585\" data-src=\"https:\/\/eldiariodesanpedro.com.ar\/sitio\/wp-content\/uploads\/2018\/04\/PAGINA-5-1.jpeg\" class=\"attachment-full size-full lazyload\" alt=\"El Diario de San Pedro | Noticias locales y regionales\" data-srcset=\"https:\/\/eldiariodesanpedro.com.ar\/sitio\/wp-content\/uploads\/2018\/04\/PAGINA-5-1.jpeg 1040w, https:\/\/eldiariodesanpedro.com.ar\/sitio\/wp-content\/uploads\/2018\/04\/PAGINA-5-1-300x169.jpeg 300w, https:\/\/eldiariodesanpedro.com.ar\/sitio\/wp-content\/uploads\/2018\/04\/PAGINA-5-1-768x432.jpeg 768w, https:\/\/eldiariodesanpedro.com.ar\/sitio\/wp-content\/uploads\/2018\/04\/PAGINA-5-1-1024x576.jpeg 1024w\" data-sizes=\"(max-width: 1040px) 100vw, 1040px\" data-attachment-id=\"31466\" data-permalink=\"https:\/\/eldiariodesanpedro.com.ar\/sitio\/inauguracion-de-playon-deportivo-en-vuelta-de-obligado\/pagina-5-155\/\" data-orig-file=\"https:\/\/eldiariodesanpedro.com.ar\/sitio\/wp-content\/uploads\/2018\/04\/PAGINA-5-1.jpeg\" data-orig-size=\"1040,585\" data-comments-opened=\"1\" data-image-meta=\"{&quot;aperture&quot;:&quot;0&quot;,&quot;credit&quot;:&quot;&quot;,&quot;camera&quot;:&quot;&quot;,&quot;caption&quot;:&quot;&quot;,&quot;created_timestamp&quot;:&quot;0&quot;,&quot;copyright&quot;:&quot;&quot;,&quot;focal_length&quot;:&quot;0&quot;,&quot;iso&quot;:&quot;0&quot;,&quot;shutter_speed&quot;:&quot;0&quot;,&quot;title&quot;:&quot;&quot;,&quot;orientation&quot;:&quot;0&quot;}\" data-image-title=\"PAGINA 5\" data-image-description=\"\" data-image-caption=\"\" data-large-file=\"https:\/\/eldiariodesanpedro.com.ar\/sitio\/wp-content\/uploads\/2018\/04\/PAGINA-5-1-1024x576.jpeg\" src=\"data:image\/svg+xml;base64,PHN2ZyB3aWR0aD0iMSIgaGVpZ2h0PSIxIiB4bWxucz0iaHR0cDovL3d3dy53My5vcmcvMjAwMC9zdmciPjwvc3ZnPg==\" style=\"--smush-placeholder-width: 1040px; --smush-placeholder-aspect-ratio: 1040\/585;\" \/><\/a>\n\t\t\t<\/div><\/figure>\n\t\t<\/div>\n\n","protected":false},"excerpt":{"rendered":"<p>La Municipalidad de San Pedro inauguro de la primera etapa del nuevo play\u00f3n deportivo que ha sido construido en la plaza principal de Vuelta de Obligado. Esta tarde a las 15, se celebro con los vecinos de la localidad la finalizaci\u00f3n de la obra en la que sumando esfuerzos con la empresa ARCOR con la [&hellip;]<\/p>\n","protected":false},"author":4,"featured_media":31465,"comment_status":"open","ping_status":"closed","sticky":false,"template":"","format":"standard","meta":{"om_disable_all_campaigns":false,"_jetpack_memberships_contains_paid_content":false,"footnotes":""},"categories":[50,101,2],"tags":[],"class_list":["post-31464","post","type-post","status-publish","format-standard","has-post-thumbnail","hentry","category-destacadas","category-interes-general-locales","category-locales"],"aioseo_notices":[],"gutentor_comment":0,"jetpack_featured_media_url":"https:\/\/eldiariodesanpedro.com.ar\/sitio\/wp-content\/uploads\/2018\/04\/TAPA.jpeg","jetpack_shortlink":"https:\/\/wp.me\/p6RhLt-8bu","jetpack_sharing_enabled":true,"_links":{"self":[{"href":"https:\/\/eldiariodesanpedro.com.ar\/sitio\/wp-json\/wp\/v2\/posts\/31464","targetHints":{"allow":["GET"]}}],"collection":[{"href":"https:\/\/eldiariodesanpedro.com.ar\/sitio\/wp-json\/wp\/v2\/posts"}],"about":[{"href":"https:\/\/eldiariodesanpedro.com.ar\/sitio\/wp-json\/wp\/v2\/types\/post"}],"author":[{"embeddable":true,"href":"https:\/\/eldiariodesanpedro.com.ar\/sitio\/wp-json\/wp\/v2\/users\/4"}],"replies":[{"embeddable":true,"href":"https:\/\/eldiariodesanpedro.com.ar\/sitio\/wp-json\/wp\/v2\/comments?post=31464"}],"version-history":[{"count":1,"href":"https:\/\/eldiariodesanpedro.com.ar\/sitio\/wp-json\/wp\/v2\/posts\/31464\/revisions"}],"predecessor-version":[{"id":31470,"href":"https:\/\/eldiariodesanpedro.com.ar\/sitio\/wp-json\/wp\/v2\/posts\/31464\/revisions\/31470"}],"wp:featuredmedia":[{"embeddable":true,"href":"https:\/\/eldiariodesanpedro.com.ar\/sitio\/wp-json\/wp\/v2\/media\/31465"}],"wp:attachment":[{"href":"https:\/\/eldiariodesanpedro.com.ar\/sitio\/wp-json\/wp\/v2\/media?parent=31464"}],"wp:term":[{"taxonomy":"category","embeddable":true,"href":"https:\/\/eldiariodesanpedro.com.ar\/sitio\/wp-json\/wp\/v2\/categories?post=31464"},{"taxonomy":"post_tag","embeddable":true,"href":"https:\/\/eldiariodesanpedro.com.ar\/sitio\/wp-json\/wp\/v2\/tags?post=31464"}],"curies":[{"name":"wp","href":"https:\/\/api.w.org\/{rel}","templated":true}]}}