{"id":31461,"date":"2018-04-11T17:36:07","date_gmt":"2018-04-11T20:36:07","guid":{"rendered":"https:\/\/eldiariodesanpedro.com.ar\/sitio\/?p=31461"},"modified":"2018-04-11T17:36:07","modified_gmt":"2018-04-11T20:36:07","slug":"baradero-no-se-aprobo-la-emergencia-tarifaria-y-se-presento-otro-proyecto","status":"publish","type":"post","link":"https:\/\/eldiariodesanpedro.com.ar\/sitio\/baradero-no-se-aprobo-la-emergencia-tarifaria-y-se-presento-otro-proyecto\/","title":{"rendered":"BARADERO: No se aprob\u00f3 la emergencia tarifaria y se present\u00f3 otro proyecto"},"content":{"rendered":"<p><!-- VideographyWP Plugin Message: Automatic video embedding prevented by plugin options. --><br \/>\nTras m\u00e1s de dos horas de debate, con una sala de reuniones llena y una manifestaci\u00f3n sobre calle Rodriguez culmin\u00f3 la Sesi\u00f3n Extraordinaria que ten\u00eda como \u00fanico tema tratar la Emergencia Tarifaria. <\/p>\n<p>En el inicio de la Sesi\u00f3n se solicit\u00f3 ingresar un nuevo proyecto realizado por el bloque de Cambiemos, con varias similitudes al del Frente Para la Victoria, pero que se trataba de una resoluci\u00f3n que no declaraba una \u201cEmergencia\u201d.<\/p>\n<p>Se pas\u00f3 por un cuarto intermedio y varias discusiones con los presentes. Para luego, con ocho votos a favor del proyecto del FPV-UC, apoyado por el FRP; y ocho votos a favor del proyecto de Cambiemos, fue el voto doble del presidente del cuerpo Mart\u00edn C\u00e1rdenas el que resolvi\u00f3 que el proyecto aprobado sea la resoluci\u00f3n presentada por el oficialismo.<\/p>\n<p>Fuente: Tu Linea Directa<\/p>\n","protected":false},"excerpt":{"rendered":"<p>Tras m\u00e1s de dos horas de debate, con una sala de reuniones llena y una manifestaci\u00f3n sobre calle Rodriguez culmin\u00f3 la Sesi\u00f3n Extraordinaria que ten\u00eda como \u00fanico tema tratar la Emergencia Tarifaria. En el inicio de la Sesi\u00f3n se solicit\u00f3 ingresar un nuevo proyecto realizado por el bloque de Cambiemos, con varias similitudes al del [&hellip;]<\/p>\n","protected":false},"author":4,"featured_media":31462,"comment_status":"open","ping_status":"closed","sticky":false,"template":"","format":"standard","meta":{"om_disable_all_campaigns":false,"_jetpack_memberships_contains_paid_content":false,"footnotes":""},"categories":[621],"tags":[],"class_list":["post-31461","post","type-post","status-publish","format-standard","has-post-thumbnail","hentry","category-regionales"],"aioseo_notices":[],"gutentor_comment":0,"jetpack_featured_media_url":"https:\/\/eldiariodesanpedro.com.ar\/sitio\/wp-content\/uploads\/2018\/04\/hcd-comerciantes-2-681x382.jpg","jetpack_shortlink":"https:\/\/wp.me\/p6RhLt-8br","jetpack_sharing_enabled":true,"_links":{"self":[{"href":"https:\/\/eldiariodesanpedro.com.ar\/sitio\/wp-json\/wp\/v2\/posts\/31461","targetHints":{"allow":["GET"]}}],"collection":[{"href":"https:\/\/eldiariodesanpedro.com.ar\/sitio\/wp-json\/wp\/v2\/posts"}],"about":[{"href":"https:\/\/eldiariodesanpedro.com.ar\/sitio\/wp-json\/wp\/v2\/types\/post"}],"author":[{"embeddable":true,"href":"https:\/\/eldiariodesanpedro.com.ar\/sitio\/wp-json\/wp\/v2\/users\/4"}],"replies":[{"embeddable":true,"href":"https:\/\/eldiariodesanpedro.com.ar\/sitio\/wp-json\/wp\/v2\/comments?post=31461"}],"version-history":[{"count":1,"href":"https:\/\/eldiariodesanpedro.com.ar\/sitio\/wp-json\/wp\/v2\/posts\/31461\/revisions"}],"predecessor-version":[{"id":31463,"href":"https:\/\/eldiariodesanpedro.com.ar\/sitio\/wp-json\/wp\/v2\/posts\/31461\/revisions\/31463"}],"wp:featuredmedia":[{"embeddable":true,"href":"https:\/\/eldiariodesanpedro.com.ar\/sitio\/wp-json\/wp\/v2\/media\/31462"}],"wp:attachment":[{"href":"https:\/\/eldiariodesanpedro.com.ar\/sitio\/wp-json\/wp\/v2\/media?parent=31461"}],"wp:term":[{"taxonomy":"category","embeddable":true,"href":"https:\/\/eldiariodesanpedro.com.ar\/sitio\/wp-json\/wp\/v2\/categories?post=31461"},{"taxonomy":"post_tag","embeddable":true,"href":"https:\/\/eldiariodesanpedro.com.ar\/sitio\/wp-json\/wp\/v2\/tags?post=31461"}],"curies":[{"name":"wp","href":"https:\/\/api.w.org\/{rel}","templated":true}]}}