{"id":31458,"date":"2018-04-11T11:37:54","date_gmt":"2018-04-11T14:37:54","guid":{"rendered":"https:\/\/eldiariodesanpedro.com.ar\/sitio\/?p=31458"},"modified":"2018-04-11T11:37:54","modified_gmt":"2018-04-11T14:37:54","slug":"san-nicolas-niegan-la-eximicion-de-prision-a-chauderon","status":"publish","type":"post","link":"https:\/\/eldiariodesanpedro.com.ar\/sitio\/san-nicolas-niegan-la-eximicion-de-prision-a-chauderon\/","title":{"rendered":"SAN NICOL\u00c1S: Niegan la eximici\u00f3n de prisi\u00f3n a Chauder\u00f3n"},"content":{"rendered":"<p><!-- VideographyWP Plugin Message: Automatic video embedding prevented by plugin options. --><br \/>\nContinuando con la causa m\u00e1s compleja del 2017, la C\u00e1mara de Apelaci\u00f3n y Garant\u00edas en lo Penal confirm\u00f3 ayer la prisi\u00f3n preventiva que pesa sobre Guillermo Chauder\u00f3n, acusado de ejercer la medicina de forma ilegal, neg\u00e1ndole la posibilidad de la excarcelaci\u00f3n mientras dure el proceso.<\/p>\n<p>Los argumentos esgrimidos por los integrantes de la C\u00e1mara de Apelaci\u00f3n, fue que son delitos que atentan contra la salud p\u00fablica y sumado a ello la importante cantidad de causas por homicidio.<br \/>\nPor tal motivo, Chauder\u00f3n deber\u00e1 seguir el proceso en la Unidad Penal Nro. 34 Melchor Romero.<br \/>\nD\u00edas pasados uno de los abogados querellantes hab\u00eda manifestado su temor a que Chauderon fuera puesto en libertad hasta que termine el proceso, considerando que por su conducta era muy proclive a que intentara escapar. La c\u00e1mara resolvi\u00f3 lo mismo y la prisi\u00f3n preventiva sigue adelante.<\/p>\n<p>La causa<br \/>\nA Guillermo Chauder\u00f3n, hasta el momento se lo acusa de 11 muertes debido a su conducta. La causa se inici\u00f3 con una denuncia que efectuaron de la cl\u00ednica UOM y el Dr., Caro en representaci\u00f3n del colegio de m\u00e9dicos de San Nicol\u00e1s, en virtud de que cuando le piden los registros a Chauder\u00f3n, producto de un proyecto medico que se iba a iniciar en la cl\u00ednica, el mismo carec\u00eda de los papeles. En la Cl\u00ednica empezaron a notar una conducta extra\u00f1a en el presunto profesional, que se demoraba en la entrega de los documentos, no los presentaba, por lo que hicieron una breve investigaci\u00f3n administrativa donde pudieron determinar de que, con el nombre de Guillermo Chauder\u00f3n, no hab\u00eda nadie matriculado.<br \/>\nHasta el d\u00eda de hoy se cuenta con once denuncias de homicidio en las que est\u00e1n interviniendo m\u00e1s fiscales, siempre de manera de colaboraci\u00f3n con la UFI N\u00b0 3 debido a la complejidad de la causa.-<\/p>\n","protected":false},"excerpt":{"rendered":"<p>Continuando con la causa m\u00e1s compleja del 2017, la C\u00e1mara de Apelaci\u00f3n y Garant\u00edas en lo Penal confirm\u00f3 ayer la prisi\u00f3n preventiva que pesa sobre Guillermo Chauder\u00f3n, acusado de ejercer la medicina de forma ilegal, neg\u00e1ndole la posibilidad de la excarcelaci\u00f3n mientras dure el proceso. Los argumentos esgrimidos por los integrantes de la C\u00e1mara de [&hellip;]<\/p>\n","protected":false},"author":4,"featured_media":31459,"comment_status":"open","ping_status":"closed","sticky":false,"template":"","format":"standard","meta":{"om_disable_all_campaigns":false,"_jetpack_memberships_contains_paid_content":false,"footnotes":""},"categories":[621],"tags":[],"class_list":["post-31458","post","type-post","status-publish","format-standard","has-post-thumbnail","hentry","category-regionales"],"aioseo_notices":[],"gutentor_comment":0,"jetpack_featured_media_url":"https:\/\/eldiariodesanpedro.com.ar\/sitio\/wp-content\/uploads\/2018\/04\/med_elnorte5acd3abe6569b_7-chauderon-1x6.jpg","jetpack_shortlink":"https:\/\/wp.me\/p6RhLt-8bo","jetpack_sharing_enabled":true,"_links":{"self":[{"href":"https:\/\/eldiariodesanpedro.com.ar\/sitio\/wp-json\/wp\/v2\/posts\/31458","targetHints":{"allow":["GET"]}}],"collection":[{"href":"https:\/\/eldiariodesanpedro.com.ar\/sitio\/wp-json\/wp\/v2\/posts"}],"about":[{"href":"https:\/\/eldiariodesanpedro.com.ar\/sitio\/wp-json\/wp\/v2\/types\/post"}],"author":[{"embeddable":true,"href":"https:\/\/eldiariodesanpedro.com.ar\/sitio\/wp-json\/wp\/v2\/users\/4"}],"replies":[{"embeddable":true,"href":"https:\/\/eldiariodesanpedro.com.ar\/sitio\/wp-json\/wp\/v2\/comments?post=31458"}],"version-history":[{"count":1,"href":"https:\/\/eldiariodesanpedro.com.ar\/sitio\/wp-json\/wp\/v2\/posts\/31458\/revisions"}],"predecessor-version":[{"id":31460,"href":"https:\/\/eldiariodesanpedro.com.ar\/sitio\/wp-json\/wp\/v2\/posts\/31458\/revisions\/31460"}],"wp:featuredmedia":[{"embeddable":true,"href":"https:\/\/eldiariodesanpedro.com.ar\/sitio\/wp-json\/wp\/v2\/media\/31459"}],"wp:attachment":[{"href":"https:\/\/eldiariodesanpedro.com.ar\/sitio\/wp-json\/wp\/v2\/media?parent=31458"}],"wp:term":[{"taxonomy":"category","embeddable":true,"href":"https:\/\/eldiariodesanpedro.com.ar\/sitio\/wp-json\/wp\/v2\/categories?post=31458"},{"taxonomy":"post_tag","embeddable":true,"href":"https:\/\/eldiariodesanpedro.com.ar\/sitio\/wp-json\/wp\/v2\/tags?post=31458"}],"curies":[{"name":"wp","href":"https:\/\/api.w.org\/{rel}","templated":true}]}}