{"id":31455,"date":"2018-04-11T11:08:46","date_gmt":"2018-04-11T14:08:46","guid":{"rendered":"https:\/\/eldiariodesanpedro.com.ar\/sitio\/?p=31455"},"modified":"2018-04-11T11:08:46","modified_gmt":"2018-04-11T14:08:46","slug":"san-nicolas-esta-subiendo-la-cantidad-de-personas-que-mueren-en-accidentes-de-transito","status":"publish","type":"post","link":"https:\/\/eldiariodesanpedro.com.ar\/sitio\/san-nicolas-esta-subiendo-la-cantidad-de-personas-que-mueren-en-accidentes-de-transito\/","title":{"rendered":"SAN NICOLAS: \u201cEst\u00e1 subiendo la cantidad de personas que mueren en accidentes de tr\u00e1nsito\u201d"},"content":{"rendered":"<p><!-- VideographyWP Plugin Message: Automatic video embedding prevented by plugin options. --><br \/>\n\u201cEn San Nicol\u00e1s van ocho en lo que va del a\u00f1o, es un n\u00famero muy alto para la ciudad. El uso de casco es fundamental. Solo alcanza 50 por ciento en la zona c\u00e9ntrica y 20 por ciento en algunos barrios\u201d, se\u00f1al\u00f3 el analista en seguridad vial y presidente de CADEC, Alexis Evdemon.<br \/>\nEl analista en Seguridad Vial, titular de Luz Verde y presidente de la C\u00e1mara Argentina de Escuelas de Conductores (CADEC), Ctdor. Alexis Evdemon, dialog\u00f3 con este medio sobre la problem\u00e1tica del tr\u00e1nsito por estos d\u00edas en la ciudad.<br \/>\n\u201cEst\u00e1 subiendo la cantidad de personas que mueren en accidentes de tr\u00e1nsito. En San Nicol\u00e1s van 8 en lo que va del a\u00f1o, es un n\u00famero muy alto para la ciudad. El uso de casco es fundamental. Solo alcanza 50 por ciento en la zona c\u00e9ntrica y 20 por ciento en algunos barrios\u201d, analiz\u00f3.<br \/>\nEvdemon indic\u00f3 que hoy mantendr\u00e1, como consultor externo, una reuni\u00f3n en la Municipalidad.<br \/>\n\u201cEl a\u00f1o pasado se elabor\u00f3 un plan del que se implementaron acciones. Ante los incumplimientos que pueden causar muertes hay que aplicar controles y sanciones m\u00e1s efectivos, aumentar la exigencia de los ex\u00e1menes te\u00f3ricos y pr\u00e1cticos, hacer capacitaciones espec\u00edficas. Una meta muy ambiciosa ser\u00eda tener 30 por ciento menos de muertes en dos a\u00f1os. Hace poco se implement\u00f3 el examen de motos. La ley establece que cuando se circula sin casco, las autoridades pueden retener la moto y labrar una multa\u201d.<\/p>\n<p>Estrellas Amarillas<\/p>\n<p>El especialista cont\u00f3 que d\u00edas atr\u00e1s tuvo una reuni\u00f3n con integrantes de Estrellas Amarillas San Nicol\u00e1s.<br \/>\n\u201cLa fundaci\u00f3n nace en C\u00f3rdoba pero varios padres que han perdido hijos en la ciudad desarrollaron una asociaci\u00f3n ac\u00e1. Y para el 20 pr\u00f3ximo decidieron hacer una actividad. Suelen hacer una caravana por las calles locales. Los estoy apoyando, los ayudo en todo lo que puedo, desde mi compromiso con la seguridad vial para disminuir la cantidad de muertos. Como sociedad, los tenemos que apoyar. Y me preguntaron si Luz Verde pod\u00eda donar un curso para rifarlo y conseguir fondos de la asociaci\u00f3n. Desde ya les dije que s\u00ed\u201d.<br \/>\nEl pr\u00f3ximo 20 de abril con motivo del 10\u00b0 aniversario de la Fundaci\u00f3n Laura Cristina Ambrosio Battistel, habr\u00e1 una actividad promovida por Estrellas Amarillas San Nicol\u00e1s en el Auditorio Municipal de Maip\u00fa 22 desde las 9:30. Se dirigir\u00e1 a los presentes el presidente de la Fundaci\u00f3n Julio Ambrosio y disertar\u00e1n Axel Dell&#8217; Olio (especialista en seguridad vial), Rolando Ricardi (Cami x Todos), Alexis Evdemon (t\u00e9cnico en seguridad vial). Tambi\u00e9n se presentar\u00e1n los grupos participantes, ya varios de Estrellas Amarillas de todo el pa\u00eds confirmaron su presencia.<br \/>\nA las 15:30 se program\u00f3 una salida al Santuario de la Virgen del Rosario de San Nicol\u00e1s para participar a las 16 de la Misa en el Santuario. A las 17 habr\u00e1 suelta de globos para el cierre.<br \/>\nPor otra parte, el pasado fin de semana, Evdemon desde CADEC particip\u00f3 de una capacitaci\u00f3n te\u00f3rica y pr\u00e1ctica de conducci\u00f3n segura de motos que tuvo lugar en el municipio de 3 de Febrero.-<\/p>\n","protected":false},"excerpt":{"rendered":"<p>\u201cEn San Nicol\u00e1s van ocho en lo que va del a\u00f1o, es un n\u00famero muy alto para la ciudad. El uso de casco es fundamental. Solo alcanza 50 por ciento en la zona c\u00e9ntrica y 20 por ciento en algunos barrios\u201d, se\u00f1al\u00f3 el analista en seguridad vial y presidente de CADEC, Alexis Evdemon. El analista [&hellip;]<\/p>\n","protected":false},"author":4,"featured_media":31456,"comment_status":"open","ping_status":"closed","sticky":false,"template":"","format":"standard","meta":{"om_disable_all_campaigns":false,"_jetpack_memberships_contains_paid_content":false,"footnotes":""},"categories":[103,621],"tags":[],"class_list":["post-31455","post","type-post","status-publish","format-standard","has-post-thumbnail","hentry","category-policiales-locales","category-regionales"],"aioseo_notices":[],"gutentor_comment":0,"jetpack_featured_media_url":"https:\/\/eldiariodesanpedro.com.ar\/sitio\/wp-content\/uploads\/2018\/04\/elnorte5acde75cceb96_5-accidente-motos-4col.jpg","jetpack_shortlink":"https:\/\/wp.me\/p6RhLt-8bl","jetpack_sharing_enabled":true,"_links":{"self":[{"href":"https:\/\/eldiariodesanpedro.com.ar\/sitio\/wp-json\/wp\/v2\/posts\/31455","targetHints":{"allow":["GET"]}}],"collection":[{"href":"https:\/\/eldiariodesanpedro.com.ar\/sitio\/wp-json\/wp\/v2\/posts"}],"about":[{"href":"https:\/\/eldiariodesanpedro.com.ar\/sitio\/wp-json\/wp\/v2\/types\/post"}],"author":[{"embeddable":true,"href":"https:\/\/eldiariodesanpedro.com.ar\/sitio\/wp-json\/wp\/v2\/users\/4"}],"replies":[{"embeddable":true,"href":"https:\/\/eldiariodesanpedro.com.ar\/sitio\/wp-json\/wp\/v2\/comments?post=31455"}],"version-history":[{"count":1,"href":"https:\/\/eldiariodesanpedro.com.ar\/sitio\/wp-json\/wp\/v2\/posts\/31455\/revisions"}],"predecessor-version":[{"id":31457,"href":"https:\/\/eldiariodesanpedro.com.ar\/sitio\/wp-json\/wp\/v2\/posts\/31455\/revisions\/31457"}],"wp:featuredmedia":[{"embeddable":true,"href":"https:\/\/eldiariodesanpedro.com.ar\/sitio\/wp-json\/wp\/v2\/media\/31456"}],"wp:attachment":[{"href":"https:\/\/eldiariodesanpedro.com.ar\/sitio\/wp-json\/wp\/v2\/media?parent=31455"}],"wp:term":[{"taxonomy":"category","embeddable":true,"href":"https:\/\/eldiariodesanpedro.com.ar\/sitio\/wp-json\/wp\/v2\/categories?post=31455"},{"taxonomy":"post_tag","embeddable":true,"href":"https:\/\/eldiariodesanpedro.com.ar\/sitio\/wp-json\/wp\/v2\/tags?post=31455"}],"curies":[{"name":"wp","href":"https:\/\/api.w.org\/{rel}","templated":true}]}}