{"id":31452,"date":"2018-04-11T10:56:41","date_gmt":"2018-04-11T13:56:41","guid":{"rendered":"https:\/\/eldiariodesanpedro.com.ar\/sitio\/?p=31452"},"modified":"2018-04-11T10:56:41","modified_gmt":"2018-04-11T13:56:41","slug":"san-antonio-de-areco-es-oficial-habra-un-25-de-aumento-para-los-trabajadores-municipales","status":"publish","type":"post","link":"https:\/\/eldiariodesanpedro.com.ar\/sitio\/san-antonio-de-areco-es-oficial-habra-un-25-de-aumento-para-los-trabajadores-municipales\/","title":{"rendered":"SAN ANTONIO DE ARECO: Es oficial, habr\u00e1 un 25% de aumento para los trabajadores municipales"},"content":{"rendered":"<p><!-- VideographyWP Plugin Message: Automatic video embedding prevented by plugin options. --><br \/>\nLuego de negociaciones, en la ma\u00f1ana del lunes Nicol\u00e1s Marinkovic dio a conocer esta noticia.<br \/>\nEl aumento que acordamos es de un 25%. Un 10% en abril, 8% en agosto y 7% en noviembre. Es un cierre paritario importante, no solo para los trabajadores, sino tambi\u00e9n para la econom\u00eda de Areco\u201d, argument\u00f3.<\/p>\n<p>As\u00ed mismo, Nicol\u00e1s adelant\u00f3 que los empleados a nivel municipal vienen recuperando; ya que el a\u00f1o pasado se cerraron las tres cuotas de 10%. Este a\u00f1o se cierra un 25%. Adem\u00e1s, precis\u00f3 que el sueldo este a\u00f1o queda por encima del porcentaje de la inflaci\u00f3n.<\/p>\n<p>\u201cLos aumentos se van a percibir mes corrido. Lo acordado para abril, se cobrar\u00e1 en mayo; lo de agosto en septiembre y lo de noviembre en diciembre. El Intendente fue claro, nosotros en estos dos a\u00f1os \u00faltimos aumentamos un 50% las tasas, cuando hay tarifazos de luz, gas y agua\u201d, explic\u00f3 Marinkovic.<\/p>\n<p>Fuente: boscoproducciones.com.ar<\/p>\n","protected":false},"excerpt":{"rendered":"<p>Luego de negociaciones, en la ma\u00f1ana del lunes Nicol\u00e1s Marinkovic dio a conocer esta noticia. El aumento que acordamos es de un 25%. Un 10% en abril, 8% en agosto y 7% en noviembre. Es un cierre paritario importante, no solo para los trabajadores, sino tambi\u00e9n para la econom\u00eda de Areco\u201d, argument\u00f3. As\u00ed mismo, Nicol\u00e1s [&hellip;]<\/p>\n","protected":false},"author":4,"featured_media":31453,"comment_status":"open","ping_status":"closed","sticky":false,"template":"","format":"standard","meta":{"om_disable_all_campaigns":false,"_jetpack_memberships_contains_paid_content":false,"footnotes":""},"categories":[621],"tags":[],"class_list":["post-31452","post","type-post","status-publish","format-standard","has-post-thumbnail","hentry","category-regionales"],"aioseo_notices":[],"gutentor_comment":0,"jetpack_featured_media_url":"https:\/\/eldiariodesanpedro.com.ar\/sitio\/wp-content\/uploads\/2018\/04\/municipales.jpg","jetpack_shortlink":"https:\/\/wp.me\/p6RhLt-8bi","jetpack_sharing_enabled":true,"_links":{"self":[{"href":"https:\/\/eldiariodesanpedro.com.ar\/sitio\/wp-json\/wp\/v2\/posts\/31452","targetHints":{"allow":["GET"]}}],"collection":[{"href":"https:\/\/eldiariodesanpedro.com.ar\/sitio\/wp-json\/wp\/v2\/posts"}],"about":[{"href":"https:\/\/eldiariodesanpedro.com.ar\/sitio\/wp-json\/wp\/v2\/types\/post"}],"author":[{"embeddable":true,"href":"https:\/\/eldiariodesanpedro.com.ar\/sitio\/wp-json\/wp\/v2\/users\/4"}],"replies":[{"embeddable":true,"href":"https:\/\/eldiariodesanpedro.com.ar\/sitio\/wp-json\/wp\/v2\/comments?post=31452"}],"version-history":[{"count":1,"href":"https:\/\/eldiariodesanpedro.com.ar\/sitio\/wp-json\/wp\/v2\/posts\/31452\/revisions"}],"predecessor-version":[{"id":31454,"href":"https:\/\/eldiariodesanpedro.com.ar\/sitio\/wp-json\/wp\/v2\/posts\/31452\/revisions\/31454"}],"wp:featuredmedia":[{"embeddable":true,"href":"https:\/\/eldiariodesanpedro.com.ar\/sitio\/wp-json\/wp\/v2\/media\/31453"}],"wp:attachment":[{"href":"https:\/\/eldiariodesanpedro.com.ar\/sitio\/wp-json\/wp\/v2\/media?parent=31452"}],"wp:term":[{"taxonomy":"category","embeddable":true,"href":"https:\/\/eldiariodesanpedro.com.ar\/sitio\/wp-json\/wp\/v2\/categories?post=31452"},{"taxonomy":"post_tag","embeddable":true,"href":"https:\/\/eldiariodesanpedro.com.ar\/sitio\/wp-json\/wp\/v2\/tags?post=31452"}],"curies":[{"name":"wp","href":"https:\/\/api.w.org\/{rel}","templated":true}]}}