{"id":31450,"date":"2018-04-11T10:53:15","date_gmt":"2018-04-11T13:53:15","guid":{"rendered":"https:\/\/eldiariodesanpedro.com.ar\/sitio\/?p=31450"},"modified":"2018-04-11T10:53:15","modified_gmt":"2018-04-11T13:53:15","slug":"alerta-por-tormentas-fuertes-y-posible-caida-de-granizo","status":"publish","type":"post","link":"https:\/\/eldiariodesanpedro.com.ar\/sitio\/alerta-por-tormentas-fuertes-y-posible-caida-de-granizo\/","title":{"rendered":"Alerta por tormentas fuertes y posible ca\u00edda de granizo"},"content":{"rendered":"<p><!-- VideographyWP Plugin Message: Automatic video embedding prevented by plugin options. --><br \/>\nSe advierte desde el Servicio meteorol\u00f3gico Nacional un alerta por tormentas fuertes o severas. Las mismas podr\u00edan estar acompa\u00f1adas de ca\u00edda de granizo, fuertes vientos, actividad el\u00e9ctrica y abundantes precipitaciones en cortos periodos de tiempo.<\/p>\n<p>As\u00ed lo expres\u00f3 Defensa Civil de nuestra ciudad:<br \/>\nALERTA METEOROLOGICO N\u00b0 1 PARA NORESTE DE LA PROVINCIA DE BUENOS AIRES. CIUDAD AUTONOMA DE BUENOS AIRES Y RIO DE LA PLATA. POR TORMENTAS FUERTES O SEVERAS<\/p>\n<p>SITUACI\u00d3N:<br \/>\nSE PREV\u00c9 QUE ENTRE LA TARDE Y LA NOCHE DE ESTE MI\u00c9RCOLES EL \u00c1REA DE COBERTURA SEA AFECTADA POR TORMENTAS DE VARIADA INTENSIDAD. DADA LA FUERTE INESTABILIDAD QUE PRESENTARA LA REGI\u00d3N, ALGUNAS TORMENTAS PODR\u00cdAN ALCANZAR CARACTER\u00cdSTICAS FUERTES O SEVERAS EN FORMA AISLADA, SIENDO ACOMPA\u00d1ADAS FUNDAMENTALMENTE POR CA\u00cdDA DE GRANIZO Y MUY FUERTES RAFAGAS DE VIENTO, ADEMAS DE INTENSA ACTIVIDAD EL\u00c9CTRICA Y ABUNDANTES PRECIPITACIONES EN CORTOS PERIODOS DE TIEMPO. LAS CONDICIONES TENDER\u00c1N A MEJORAR DE SUR A NORTE ENTRE LA MADRUGADA Y LA MA\u00d1ANA JUEVES 12.<br \/>\nFUENTE: SMN.<\/p>\n","protected":false},"excerpt":{"rendered":"<p>Se advierte desde el Servicio meteorol\u00f3gico Nacional un alerta por tormentas fuertes o severas. Las mismas podr\u00edan estar acompa\u00f1adas de ca\u00edda de granizo, fuertes vientos, actividad el\u00e9ctrica y abundantes precipitaciones en cortos periodos de tiempo. As\u00ed lo expres\u00f3 Defensa Civil de nuestra ciudad: ALERTA METEOROLOGICO N\u00b0 1 PARA NORESTE DE LA PROVINCIA DE BUENOS AIRES. [&hellip;]<\/p>\n","protected":false},"author":4,"featured_media":9233,"comment_status":"open","ping_status":"closed","sticky":false,"template":"","format":"standard","meta":{"om_disable_all_campaigns":false,"_jetpack_memberships_contains_paid_content":false,"footnotes":""},"categories":[101,2],"tags":[],"class_list":["post-31450","post","type-post","status-publish","format-standard","has-post-thumbnail","hentry","category-interes-general-locales","category-locales"],"aioseo_notices":[],"gutentor_comment":0,"jetpack_featured_media_url":"https:\/\/eldiariodesanpedro.com.ar\/sitio\/wp-content\/uploads\/2016\/10\/radar.jpg","jetpack_shortlink":"https:\/\/wp.me\/p6RhLt-8bg","jetpack_sharing_enabled":true,"_links":{"self":[{"href":"https:\/\/eldiariodesanpedro.com.ar\/sitio\/wp-json\/wp\/v2\/posts\/31450","targetHints":{"allow":["GET"]}}],"collection":[{"href":"https:\/\/eldiariodesanpedro.com.ar\/sitio\/wp-json\/wp\/v2\/posts"}],"about":[{"href":"https:\/\/eldiariodesanpedro.com.ar\/sitio\/wp-json\/wp\/v2\/types\/post"}],"author":[{"embeddable":true,"href":"https:\/\/eldiariodesanpedro.com.ar\/sitio\/wp-json\/wp\/v2\/users\/4"}],"replies":[{"embeddable":true,"href":"https:\/\/eldiariodesanpedro.com.ar\/sitio\/wp-json\/wp\/v2\/comments?post=31450"}],"version-history":[{"count":1,"href":"https:\/\/eldiariodesanpedro.com.ar\/sitio\/wp-json\/wp\/v2\/posts\/31450\/revisions"}],"predecessor-version":[{"id":31451,"href":"https:\/\/eldiariodesanpedro.com.ar\/sitio\/wp-json\/wp\/v2\/posts\/31450\/revisions\/31451"}],"wp:featuredmedia":[{"embeddable":true,"href":"https:\/\/eldiariodesanpedro.com.ar\/sitio\/wp-json\/wp\/v2\/media\/9233"}],"wp:attachment":[{"href":"https:\/\/eldiariodesanpedro.com.ar\/sitio\/wp-json\/wp\/v2\/media?parent=31450"}],"wp:term":[{"taxonomy":"category","embeddable":true,"href":"https:\/\/eldiariodesanpedro.com.ar\/sitio\/wp-json\/wp\/v2\/categories?post=31450"},{"taxonomy":"post_tag","embeddable":true,"href":"https:\/\/eldiariodesanpedro.com.ar\/sitio\/wp-json\/wp\/v2\/tags?post=31450"}],"curies":[{"name":"wp","href":"https:\/\/api.w.org\/{rel}","templated":true}]}}