{"id":31448,"date":"2018-04-11T10:33:54","date_gmt":"2018-04-11T13:33:54","guid":{"rendered":"https:\/\/eldiariodesanpedro.com.ar\/sitio\/?p=31448"},"modified":"2018-04-11T10:33:54","modified_gmt":"2018-04-11T13:33:54","slug":"se-aprehendio-a-una-persona-con-pedido-de-captura-2","status":"publish","type":"post","link":"https:\/\/eldiariodesanpedro.com.ar\/sitio\/se-aprehendio-a-una-persona-con-pedido-de-captura-2\/","title":{"rendered":"Se aprehendi\u00f3 a una persona con pedido de captura"},"content":{"rendered":"<p><!-- VideographyWP Plugin Message: Automatic video embedding prevented by plugin options. --><br \/>\nEl personal policial dela comisaria de nuestra ciudad procedi\u00f3 el d\u00eda de ayer a la aprehensi\u00f3n de masculino mayor de 31 en zona c\u00e9ntrica de ciudad, quien registra una captura activa por el delito de robo agravado en grado de tentativa solicitado por el Juzgado Correccional N\u00b0 3 Departamental, de fecha 15 de noviembre de 2016, magistrado dispuso que el mismo sea trasladado el d\u00eda de hoy a San Nicol\u00e1s  .-<\/p>\n","protected":false},"excerpt":{"rendered":"<p>El personal policial dela comisaria de nuestra ciudad procedi\u00f3 el d\u00eda de ayer a la aprehensi\u00f3n de masculino mayor de 31 en zona c\u00e9ntrica de ciudad, quien registra una captura activa por el delito de robo agravado en grado de tentativa solicitado por el Juzgado Correccional N\u00b0 3 Departamental, de fecha 15 de noviembre de [&hellip;]<\/p>\n","protected":false},"author":4,"featured_media":28826,"comment_status":"open","ping_status":"closed","sticky":false,"template":"","format":"standard","meta":{"om_disable_all_campaigns":false,"_jetpack_memberships_contains_paid_content":false,"footnotes":""},"categories":[2,103],"tags":[],"class_list":["post-31448","post","type-post","status-publish","format-standard","has-post-thumbnail","hentry","category-locales","category-policiales-locales"],"aioseo_notices":[],"gutentor_comment":0,"jetpack_featured_media_url":"https:\/\/eldiariodesanpedro.com.ar\/sitio\/wp-content\/uploads\/2018\/02\/detenido-4.jpg","jetpack_shortlink":"https:\/\/wp.me\/p6RhLt-8be","jetpack_sharing_enabled":true,"_links":{"self":[{"href":"https:\/\/eldiariodesanpedro.com.ar\/sitio\/wp-json\/wp\/v2\/posts\/31448","targetHints":{"allow":["GET"]}}],"collection":[{"href":"https:\/\/eldiariodesanpedro.com.ar\/sitio\/wp-json\/wp\/v2\/posts"}],"about":[{"href":"https:\/\/eldiariodesanpedro.com.ar\/sitio\/wp-json\/wp\/v2\/types\/post"}],"author":[{"embeddable":true,"href":"https:\/\/eldiariodesanpedro.com.ar\/sitio\/wp-json\/wp\/v2\/users\/4"}],"replies":[{"embeddable":true,"href":"https:\/\/eldiariodesanpedro.com.ar\/sitio\/wp-json\/wp\/v2\/comments?post=31448"}],"version-history":[{"count":1,"href":"https:\/\/eldiariodesanpedro.com.ar\/sitio\/wp-json\/wp\/v2\/posts\/31448\/revisions"}],"predecessor-version":[{"id":31449,"href":"https:\/\/eldiariodesanpedro.com.ar\/sitio\/wp-json\/wp\/v2\/posts\/31448\/revisions\/31449"}],"wp:featuredmedia":[{"embeddable":true,"href":"https:\/\/eldiariodesanpedro.com.ar\/sitio\/wp-json\/wp\/v2\/media\/28826"}],"wp:attachment":[{"href":"https:\/\/eldiariodesanpedro.com.ar\/sitio\/wp-json\/wp\/v2\/media?parent=31448"}],"wp:term":[{"taxonomy":"category","embeddable":true,"href":"https:\/\/eldiariodesanpedro.com.ar\/sitio\/wp-json\/wp\/v2\/categories?post=31448"},{"taxonomy":"post_tag","embeddable":true,"href":"https:\/\/eldiariodesanpedro.com.ar\/sitio\/wp-json\/wp\/v2\/tags?post=31448"}],"curies":[{"name":"wp","href":"https:\/\/api.w.org\/{rel}","templated":true}]}}